{"id":35720,"date":"2023-10-31T20:29:07","date_gmt":"2023-10-31T23:29:07","guid":{"rendered":"https:\/\/www.elpolitologoyelpolitico.com.ar\/wordpress\/?p=35720"},"modified":"2023-10-31T20:29:08","modified_gmt":"2023-10-31T23:29:08","slug":"ricardo-marino-realizo-reclamos-por-la-faltante-de-agua-en-las-localidades-del-interior-del-partido","status":"publish","type":"post","link":"https:\/\/www.elpolitologoyelpolitico.com.ar\/wordpress\/2023\/10\/31\/ricardo-marino-realizo-reclamos-por-la-faltante-de-agua-en-las-localidades-del-interior-del-partido\/","title":{"rendered":"Ricardo Marino realiz\u00f3 reclamos por la faltante de agua en las localidades del interior del Partido"},"content":{"rendered":"\n<p>El intendente electo Ricardo Marino junto a la concejal Mariel Cinirella le manifestaron al Gerente General de ABSA Provincia de Buenos Aires Ing. Rub\u00e9n Dar\u00edo Acha, la necesidad que tienen hoy las distintas localidades del interior del Partido de Patagones de tener una provisi\u00f3n continua de agua potable.<\/p>\n\n\n\n<p>Marino dijo que \u00abteniendo en cuenta la llegada de la temporada estival, preocupa el faltante de un recurso tan primordial para la vida como lo es el agua potable, principalmente en la localidad de Stroeder, que producto de la baja presi\u00f3n, empieza a tener faltante de agua durante el d\u00eda, situaci\u00f3n que lleva a que los vecinos empiecen a movilizarse por esta problem\u00e1tica.\u00bb<\/p>\n\n\n\n<p>Por este motivo solicitaron que se contemple con car\u00e1cter de urgente que desde ABSA se llame a un concurso de precios para la contrataci\u00f3n de camiones cisternas que aseguren un suministro diario de agua para la localidad de Stroeder.<\/p>\n<div class=\"fb-background-color\">\n\t\t\t  <div \n\t\t\t  \tclass = \"fb-comments\" \n\t\t\t  \tdata-href = \"https:\/\/www.elpolitologoyelpolitico.com.ar\/wordpress\/2023\/10\/31\/ricardo-marino-realizo-reclamos-por-la-faltante-de-agua-en-las-localidades-del-interior-del-partido\/\"\n\t\t\t  \tdata-numposts = \"10\"\n\t\t\t  \tdata-lazy = \"true\"\n\t\t\t\tdata-colorscheme = \"light\"\n\t\t\t\tdata-order-by = \"social\"\n\t\t\t\tdata-mobile=true>\n\t\t\t  <\/div><\/div>\n\t\t  <style>\n\t\t    .fb-background-color {\n\t\t\t\tbackground: #ffffff !important;\n\t\t\t}\n\t\t\t.fb_iframe_widget_fluid_desktop iframe {\n\t\t\t    width: 100% !important;\n\t\t\t}\n\t\t  <\/style>\n\t\t  ","protected":false},"excerpt":{"rendered":"<p>El intendente electo Ricardo Marino junto a la concejal Mariel Cinirella le manifestaron al Gerente General de ABSA Provincia de Buenos Aires Ing. Rub\u00e9n Dar\u00edo Acha, la necesidad que tienen hoy las distintas localidades del interior del Partido de Patagones de tener una provisi\u00f3n continua de agua potable. Marino dijo que \u00abteniendo en cuenta la [&hellip;]<\/p>\n","protected":false},"author":4,"featured_media":35721,"comment_status":"closed","ping_status":"closed","sticky":false,"template":"","format":"standard","meta":{"_joinchat":[],"footnotes":""},"categories":[39],"tags":[],"class_list":["post-35720","post","type-post","status-publish","format-standard","has-post-thumbnail","hentry","category-en-esta-seccion"],"_links":{"self":[{"href":"https:\/\/www.elpolitologoyelpolitico.com.ar\/wordpress\/wp-json\/wp\/v2\/posts\/35720","targetHints":{"allow":["GET"]}}],"collection":[{"href":"https:\/\/www.elpolitologoyelpolitico.com.ar\/wordpress\/wp-json\/wp\/v2\/posts"}],"about":[{"href":"https:\/\/www.elpolitologoyelpolitico.com.ar\/wordpress\/wp-json\/wp\/v2\/types\/post"}],"author":[{"embeddable":true,"href":"https:\/\/www.elpolitologoyelpolitico.com.ar\/wordpress\/wp-json\/wp\/v2\/users\/4"}],"replies":[{"embeddable":true,"href":"https:\/\/www.elpolitologoyelpolitico.com.ar\/wordpress\/wp-json\/wp\/v2\/comments?post=35720"}],"version-history":[{"count":1,"href":"https:\/\/www.elpolitologoyelpolitico.com.ar\/wordpress\/wp-json\/wp\/v2\/posts\/35720\/revisions"}],"predecessor-version":[{"id":35722,"href":"https:\/\/www.elpolitologoyelpolitico.com.ar\/wordpress\/wp-json\/wp\/v2\/posts\/35720\/revisions\/35722"}],"wp:featuredmedia":[{"embeddable":true,"href":"https:\/\/www.elpolitologoyelpolitico.com.ar\/wordpress\/wp-json\/wp\/v2\/media\/35721"}],"wp:attachment":[{"href":"https:\/\/www.elpolitologoyelpolitico.com.ar\/wordpress\/wp-json\/wp\/v2\/media?parent=35720"}],"wp:term":[{"taxonomy":"category","embeddable":true,"href":"https:\/\/www.elpolitologoyelpolitico.com.ar\/wordpress\/wp-json\/wp\/v2\/categories?post=35720"},{"taxonomy":"post_tag","embeddable":true,"href":"https:\/\/www.elpolitologoyelpolitico.com.ar\/wordpress\/wp-json\/wp\/v2\/tags?post=35720"}],"curies":[{"name":"wp","href":"https:\/\/api.w.org\/{rel}","templated":true}]}}