{"id":35717,"date":"2023-10-31T19:24:06","date_gmt":"2023-10-31T22:24:06","guid":{"rendered":"https:\/\/www.elpolitologoyelpolitico.com.ar\/wordpress\/?p=35717"},"modified":"2023-10-31T19:24:08","modified_gmt":"2023-10-31T22:24:08","slug":"patagones-el-asueto-por-el-dia-del-empleado-municipal-se-traslada-al-viernes-10-de-noviembre","status":"publish","type":"post","link":"https:\/\/www.elpolitologoyelpolitico.com.ar\/wordpress\/2023\/10\/31\/patagones-el-asueto-por-el-dia-del-empleado-municipal-se-traslada-al-viernes-10-de-noviembre\/","title":{"rendered":"PATAGONES: El asueto por el D\u00eda del Empleado Municipal se traslada al viernes 10 de noviembre"},"content":{"rendered":"\n<p>La Subsecretar\u00eda de Recursos Humanos confirm\u00f3 que, por disposici\u00f3n del Intendente Municipal, Ing. Jos\u00e9 Luis Zara, el asueto por el D\u00eda del Empleado Municipal (8 de noviembre) se trasladar\u00e1 al viernes 10.<\/p>\n\n\n\n<p>Cabe se\u00f1alar que la medida alcanza a todas las dependencias municipales del distrito, donde ese d\u00eda no habr\u00e1 atenci\u00f3n al p\u00fablico.<\/p>\n<div class=\"fb-background-color\">\n\t\t\t  <div \n\t\t\t  \tclass = \"fb-comments\" \n\t\t\t  \tdata-href = \"https:\/\/www.elpolitologoyelpolitico.com.ar\/wordpress\/2023\/10\/31\/patagones-el-asueto-por-el-dia-del-empleado-municipal-se-traslada-al-viernes-10-de-noviembre\/\"\n\t\t\t  \tdata-numposts = \"10\"\n\t\t\t  \tdata-lazy = \"true\"\n\t\t\t\tdata-colorscheme = \"light\"\n\t\t\t\tdata-order-by = \"social\"\n\t\t\t\tdata-mobile=true>\n\t\t\t  <\/div><\/div>\n\t\t  <style>\n\t\t    .fb-background-color {\n\t\t\t\tbackground: #ffffff !important;\n\t\t\t}\n\t\t\t.fb_iframe_widget_fluid_desktop iframe {\n\t\t\t    width: 100% !important;\n\t\t\t}\n\t\t  <\/style>\n\t\t  ","protected":false},"excerpt":{"rendered":"<p>La Subsecretar\u00eda de Recursos Humanos confirm\u00f3 que, por disposici\u00f3n del Intendente Municipal, Ing. Jos\u00e9 Luis Zara, el asueto por el D\u00eda del Empleado Municipal (8 de noviembre) se trasladar\u00e1 al viernes 10. Cabe se\u00f1alar que la medida alcanza a todas las dependencias municipales del distrito, donde ese d\u00eda no habr\u00e1 atenci\u00f3n al p\u00fablico.<\/p>\n","protected":false},"author":4,"featured_media":35718,"comment_status":"closed","ping_status":"closed","sticky":false,"template":"","format":"standard","meta":{"_joinchat":[],"footnotes":""},"categories":[39],"tags":[],"class_list":["post-35717","post","type-post","status-publish","format-standard","has-post-thumbnail","hentry","category-en-esta-seccion"],"_links":{"self":[{"href":"https:\/\/www.elpolitologoyelpolitico.com.ar\/wordpress\/wp-json\/wp\/v2\/posts\/35717","targetHints":{"allow":["GET"]}}],"collection":[{"href":"https:\/\/www.elpolitologoyelpolitico.com.ar\/wordpress\/wp-json\/wp\/v2\/posts"}],"about":[{"href":"https:\/\/www.elpolitologoyelpolitico.com.ar\/wordpress\/wp-json\/wp\/v2\/types\/post"}],"author":[{"embeddable":true,"href":"https:\/\/www.elpolitologoyelpolitico.com.ar\/wordpress\/wp-json\/wp\/v2\/users\/4"}],"replies":[{"embeddable":true,"href":"https:\/\/www.elpolitologoyelpolitico.com.ar\/wordpress\/wp-json\/wp\/v2\/comments?post=35717"}],"version-history":[{"count":1,"href":"https:\/\/www.elpolitologoyelpolitico.com.ar\/wordpress\/wp-json\/wp\/v2\/posts\/35717\/revisions"}],"predecessor-version":[{"id":35719,"href":"https:\/\/www.elpolitologoyelpolitico.com.ar\/wordpress\/wp-json\/wp\/v2\/posts\/35717\/revisions\/35719"}],"wp:featuredmedia":[{"embeddable":true,"href":"https:\/\/www.elpolitologoyelpolitico.com.ar\/wordpress\/wp-json\/wp\/v2\/media\/35718"}],"wp:attachment":[{"href":"https:\/\/www.elpolitologoyelpolitico.com.ar\/wordpress\/wp-json\/wp\/v2\/media?parent=35717"}],"wp:term":[{"taxonomy":"category","embeddable":true,"href":"https:\/\/www.elpolitologoyelpolitico.com.ar\/wordpress\/wp-json\/wp\/v2\/categories?post=35717"},{"taxonomy":"post_tag","embeddable":true,"href":"https:\/\/www.elpolitologoyelpolitico.com.ar\/wordpress\/wp-json\/wp\/v2\/tags?post=35717"}],"curies":[{"name":"wp","href":"https:\/\/api.w.org\/{rel}","templated":true}]}}