{"id":35713,"date":"2023-10-30T21:52:44","date_gmt":"2023-10-31T00:52:44","guid":{"rendered":"https:\/\/www.elpolitologoyelpolitico.com.ar\/wordpress\/?p=35713"},"modified":"2023-10-30T21:52:44","modified_gmt":"2023-10-31T00:52:44","slug":"afiliados-al-ipross-podran-abonar-las-consultas-medicas-pendientes-de-pago","status":"publish","type":"post","link":"https:\/\/www.elpolitologoyelpolitico.com.ar\/wordpress\/2023\/10\/30\/afiliados-al-ipross-podran-abonar-las-consultas-medicas-pendientes-de-pago\/","title":{"rendered":"Afiliados al Ipross podr\u00e1n abonar las consultas m\u00e9dicas pendientes de pago"},"content":{"rendered":"\n<p>A partir del 1 de noviembre se habilitar\u00e1 el pago voluntario de las consultas m\u00e9dicas realizadas a trav\u00e9s de la Validaci\u00f3n Electr\u00f3nica M\u00e9dica (VEM), que figuren como \u201cPendiente de Pago\u201d.<\/p>\n\n\n\n<p>Las y los afiliados podr\u00e1n acercarse de manera voluntaria a la delegaci\u00f3n de su zona y abonar el total pendiente de pago que se visualice en la aplicaci\u00f3n m\u00f3vil \u201cIPROSS R\u00edo Negro\u201d.<\/p>\n\n\n\n<p>Podr\u00e1n ingresar a la App con su usuario y contrase\u00f1a, y dirigirse a \u201cMis Atenciones\u201d para visualizar las consultadas realizadas que a partir del 1 de noviembre comenzar\u00e1n a figurar como \u201cPendiente de pago\u201d.<\/p>\n\n\n\n<p>Para tranquilidad de los afiliados y afiliadas, a mes vencido de realizar el pago se podr\u00e1 visualizar el estado general como \u201cpagado\u201d.<\/p>\n\n\n\n<p>Con respecto al valor de la atenci\u00f3n, el afiliado podr\u00e1 hacer clic sobre la consulta realizada para ver el precio unitario del coseguro y hacer un control del total a saldar, ya que se mantendr\u00e1 el valor del mismo.<\/p>\n\n\n\n<p>Todos aquellos afiliados al IPROSS que tambi\u00e9n cuenten con UPCN, SITRAJUR Y UNTER, deber\u00e1n abonar el pago pendiente en la Delegaci\u00f3n y luego dirigirse al gremio correspondientepara solicitar el reintegro de la cobertura que brinda.<\/p>\n\n\n\n<p>Los afiliados mayores de 60, que est\u00e1n exceptuados de la obligatoriedad del uso de la Appy que pueden acceder a las consultas con el DNI o Carnet de la obra social,podr\u00e1n informarse de su pago pendiente en la delegaci\u00f3n o llamando al Centro de Atenci\u00f3n Telef\u00f3nica 0800-333-4776.<\/p>\n<div class=\"fb-background-color\">\n\t\t\t  <div \n\t\t\t  \tclass = \"fb-comments\" \n\t\t\t  \tdata-href = \"https:\/\/www.elpolitologoyelpolitico.com.ar\/wordpress\/2023\/10\/30\/afiliados-al-ipross-podran-abonar-las-consultas-medicas-pendientes-de-pago\/\"\n\t\t\t  \tdata-numposts = \"10\"\n\t\t\t  \tdata-lazy = \"true\"\n\t\t\t\tdata-colorscheme = \"light\"\n\t\t\t\tdata-order-by = \"social\"\n\t\t\t\tdata-mobile=true>\n\t\t\t  <\/div><\/div>\n\t\t  <style>\n\t\t    .fb-background-color {\n\t\t\t\tbackground: #ffffff !important;\n\t\t\t}\n\t\t\t.fb_iframe_widget_fluid_desktop iframe {\n\t\t\t    width: 100% !important;\n\t\t\t}\n\t\t  <\/style>\n\t\t  ","protected":false},"excerpt":{"rendered":"<p>A partir del 1 de noviembre se habilitar\u00e1 el pago voluntario de las consultas m\u00e9dicas realizadas a trav\u00e9s de la Validaci\u00f3n Electr\u00f3nica M\u00e9dica (VEM), que figuren como \u201cPendiente de Pago\u201d. Las y los afiliados podr\u00e1n acercarse de manera voluntaria a la delegaci\u00f3n de su zona y abonar el total pendiente de pago que se visualice [&hellip;]<\/p>\n","protected":false},"author":4,"featured_media":35714,"comment_status":"closed","ping_status":"closed","sticky":false,"template":"","format":"standard","meta":{"_joinchat":[],"footnotes":""},"categories":[4],"tags":[],"class_list":["post-35713","post","type-post","status-publish","format-standard","has-post-thumbnail","hentry","category-politicas-publicas"],"_links":{"self":[{"href":"https:\/\/www.elpolitologoyelpolitico.com.ar\/wordpress\/wp-json\/wp\/v2\/posts\/35713","targetHints":{"allow":["GET"]}}],"collection":[{"href":"https:\/\/www.elpolitologoyelpolitico.com.ar\/wordpress\/wp-json\/wp\/v2\/posts"}],"about":[{"href":"https:\/\/www.elpolitologoyelpolitico.com.ar\/wordpress\/wp-json\/wp\/v2\/types\/post"}],"author":[{"embeddable":true,"href":"https:\/\/www.elpolitologoyelpolitico.com.ar\/wordpress\/wp-json\/wp\/v2\/users\/4"}],"replies":[{"embeddable":true,"href":"https:\/\/www.elpolitologoyelpolitico.com.ar\/wordpress\/wp-json\/wp\/v2\/comments?post=35713"}],"version-history":[{"count":1,"href":"https:\/\/www.elpolitologoyelpolitico.com.ar\/wordpress\/wp-json\/wp\/v2\/posts\/35713\/revisions"}],"predecessor-version":[{"id":35715,"href":"https:\/\/www.elpolitologoyelpolitico.com.ar\/wordpress\/wp-json\/wp\/v2\/posts\/35713\/revisions\/35715"}],"wp:featuredmedia":[{"embeddable":true,"href":"https:\/\/www.elpolitologoyelpolitico.com.ar\/wordpress\/wp-json\/wp\/v2\/media\/35714"}],"wp:attachment":[{"href":"https:\/\/www.elpolitologoyelpolitico.com.ar\/wordpress\/wp-json\/wp\/v2\/media?parent=35713"}],"wp:term":[{"taxonomy":"category","embeddable":true,"href":"https:\/\/www.elpolitologoyelpolitico.com.ar\/wordpress\/wp-json\/wp\/v2\/categories?post=35713"},{"taxonomy":"post_tag","embeddable":true,"href":"https:\/\/www.elpolitologoyelpolitico.com.ar\/wordpress\/wp-json\/wp\/v2\/tags?post=35713"}],"curies":[{"name":"wp","href":"https:\/\/api.w.org\/{rel}","templated":true}]}}