{"id":35710,"date":"2023-10-30T16:17:12","date_gmt":"2023-10-30T19:17:12","guid":{"rendered":"https:\/\/www.elpolitologoyelpolitico.com.ar\/wordpress\/?p=35710"},"modified":"2023-10-30T16:17:13","modified_gmt":"2023-10-30T19:17:13","slug":"se-depositaron-los-sueldos-de-los-empleados-municipales-4","status":"publish","type":"post","link":"https:\/\/www.elpolitologoyelpolitico.com.ar\/wordpress\/2023\/10\/30\/se-depositaron-los-sueldos-de-los-empleados-municipales-4\/","title":{"rendered":"Se depositaron los sueldos de los empleados municipales"},"content":{"rendered":"\n<p>La Subsecretar\u00eda de Recursos Humanos confirm\u00f3 que hoy, lunes 30 de octubre, se depositaron los haberes de los empleados municipales.<\/p>\n\n\n\n<p>Los mismos incluyen el 20 por ciento de incremento al sueldo b\u00e1sico y 10 mil pesos remunerativos (a la bonificaci\u00f3n remunerativa), conforme al acuerdo paritario que el Ejecutivo concret\u00f3 hace pocos d\u00edas con las entidades gremiales.<\/p>\n\n\n\n<p>Estar\u00e1n disponibles para el cobro ma\u00f1ana, martes 31, a trav\u00e9s de los medios habituales.<\/p>\n<div class=\"fb-background-color\">\n\t\t\t  <div \n\t\t\t  \tclass = \"fb-comments\" \n\t\t\t  \tdata-href = \"https:\/\/www.elpolitologoyelpolitico.com.ar\/wordpress\/2023\/10\/30\/se-depositaron-los-sueldos-de-los-empleados-municipales-4\/\"\n\t\t\t  \tdata-numposts = \"10\"\n\t\t\t  \tdata-lazy = \"true\"\n\t\t\t\tdata-colorscheme = \"light\"\n\t\t\t\tdata-order-by = \"social\"\n\t\t\t\tdata-mobile=true>\n\t\t\t  <\/div><\/div>\n\t\t  <style>\n\t\t    .fb-background-color {\n\t\t\t\tbackground: #ffffff !important;\n\t\t\t}\n\t\t\t.fb_iframe_widget_fluid_desktop iframe {\n\t\t\t    width: 100% !important;\n\t\t\t}\n\t\t  <\/style>\n\t\t  ","protected":false},"excerpt":{"rendered":"<p>La Subsecretar\u00eda de Recursos Humanos confirm\u00f3 que hoy, lunes 30 de octubre, se depositaron los haberes de los empleados municipales. Los mismos incluyen el 20 por ciento de incremento al sueldo b\u00e1sico y 10 mil pesos remunerativos (a la bonificaci\u00f3n remunerativa), conforme al acuerdo paritario que el Ejecutivo concret\u00f3 hace pocos d\u00edas con las entidades [&hellip;]<\/p>\n","protected":false},"author":4,"featured_media":35711,"comment_status":"closed","ping_status":"closed","sticky":false,"template":"","format":"standard","meta":{"_joinchat":[],"footnotes":""},"categories":[39],"tags":[],"class_list":["post-35710","post","type-post","status-publish","format-standard","has-post-thumbnail","hentry","category-en-esta-seccion"],"_links":{"self":[{"href":"https:\/\/www.elpolitologoyelpolitico.com.ar\/wordpress\/wp-json\/wp\/v2\/posts\/35710","targetHints":{"allow":["GET"]}}],"collection":[{"href":"https:\/\/www.elpolitologoyelpolitico.com.ar\/wordpress\/wp-json\/wp\/v2\/posts"}],"about":[{"href":"https:\/\/www.elpolitologoyelpolitico.com.ar\/wordpress\/wp-json\/wp\/v2\/types\/post"}],"author":[{"embeddable":true,"href":"https:\/\/www.elpolitologoyelpolitico.com.ar\/wordpress\/wp-json\/wp\/v2\/users\/4"}],"replies":[{"embeddable":true,"href":"https:\/\/www.elpolitologoyelpolitico.com.ar\/wordpress\/wp-json\/wp\/v2\/comments?post=35710"}],"version-history":[{"count":1,"href":"https:\/\/www.elpolitologoyelpolitico.com.ar\/wordpress\/wp-json\/wp\/v2\/posts\/35710\/revisions"}],"predecessor-version":[{"id":35712,"href":"https:\/\/www.elpolitologoyelpolitico.com.ar\/wordpress\/wp-json\/wp\/v2\/posts\/35710\/revisions\/35712"}],"wp:featuredmedia":[{"embeddable":true,"href":"https:\/\/www.elpolitologoyelpolitico.com.ar\/wordpress\/wp-json\/wp\/v2\/media\/35711"}],"wp:attachment":[{"href":"https:\/\/www.elpolitologoyelpolitico.com.ar\/wordpress\/wp-json\/wp\/v2\/media?parent=35710"}],"wp:term":[{"taxonomy":"category","embeddable":true,"href":"https:\/\/www.elpolitologoyelpolitico.com.ar\/wordpress\/wp-json\/wp\/v2\/categories?post=35710"},{"taxonomy":"post_tag","embeddable":true,"href":"https:\/\/www.elpolitologoyelpolitico.com.ar\/wordpress\/wp-json\/wp\/v2\/tags?post=35710"}],"curies":[{"name":"wp","href":"https:\/\/api.w.org\/{rel}","templated":true}]}}