{"id":35706,"date":"2023-10-30T13:29:36","date_gmt":"2023-10-30T16:29:36","guid":{"rendered":"https:\/\/www.elpolitologoyelpolitico.com.ar\/wordpress\/?p=35706"},"modified":"2023-10-30T13:29:37","modified_gmt":"2023-10-30T16:29:37","slug":"a-partir-del-lunes-6-nueva-recarga-de-tarjetas-del-boleto-estudiantil-municipal","status":"publish","type":"post","link":"https:\/\/www.elpolitologoyelpolitico.com.ar\/wordpress\/2023\/10\/30\/a-partir-del-lunes-6-nueva-recarga-de-tarjetas-del-boleto-estudiantil-municipal\/","title":{"rendered":"A partir del lunes 6, nueva recarga de tarjetas del Boleto Estudiantil Municipal"},"content":{"rendered":"\n<p>La Municipalidad de Patagones informa que, a partir del pr\u00f3ximo lunes 6 de noviembre hasta el viernes 10, se realizar\u00e1 la cuarta y \u00faltima recarga del presente Ciclo Lectivo a las tarjetas del Boleto Estudiantil<br>Municipal.<\/p>\n\n\n\n<p>La misma corresponde a los meses de noviembre y diciembre, para todos los alumnos que cumplimentaron<br>el proceso de inscripci\u00f3n 2023 y resultaron beneficiados por el programa.<\/p>\n\n\n\n<p>La recarga se realizar\u00e1 en la Mesa de Entradas del palacio municipal (Comodoro Rivadavia N\u00b0193).<\/p>\n\n\n\n<p>Se har\u00e1 efectiva \u00fanicamente con el DNI original del beneficiario en mano, en el horario de 10 a 16, hasta el viernes 10 de noviembre, inclusive.<\/p>\n<div class=\"fb-background-color\">\n\t\t\t  <div \n\t\t\t  \tclass = \"fb-comments\" \n\t\t\t  \tdata-href = \"https:\/\/www.elpolitologoyelpolitico.com.ar\/wordpress\/2023\/10\/30\/a-partir-del-lunes-6-nueva-recarga-de-tarjetas-del-boleto-estudiantil-municipal\/\"\n\t\t\t  \tdata-numposts = \"10\"\n\t\t\t  \tdata-lazy = \"true\"\n\t\t\t\tdata-colorscheme = \"light\"\n\t\t\t\tdata-order-by = \"social\"\n\t\t\t\tdata-mobile=true>\n\t\t\t  <\/div><\/div>\n\t\t  <style>\n\t\t    .fb-background-color {\n\t\t\t\tbackground: #ffffff !important;\n\t\t\t}\n\t\t\t.fb_iframe_widget_fluid_desktop iframe {\n\t\t\t    width: 100% !important;\n\t\t\t}\n\t\t  <\/style>\n\t\t  ","protected":false},"excerpt":{"rendered":"<p>La Municipalidad de Patagones informa que, a partir del pr\u00f3ximo lunes 6 de noviembre hasta el viernes 10, se realizar\u00e1 la cuarta y \u00faltima recarga del presente Ciclo Lectivo a las tarjetas del Boleto EstudiantilMunicipal. La misma corresponde a los meses de noviembre y diciembre, para todos los alumnos que cumplimentaronel proceso de inscripci\u00f3n 2023 [&hellip;]<\/p>\n","protected":false},"author":4,"featured_media":35708,"comment_status":"closed","ping_status":"closed","sticky":false,"template":"","format":"standard","meta":{"_joinchat":[],"footnotes":""},"categories":[4],"tags":[],"class_list":["post-35706","post","type-post","status-publish","format-standard","has-post-thumbnail","hentry","category-politicas-publicas"],"_links":{"self":[{"href":"https:\/\/www.elpolitologoyelpolitico.com.ar\/wordpress\/wp-json\/wp\/v2\/posts\/35706","targetHints":{"allow":["GET"]}}],"collection":[{"href":"https:\/\/www.elpolitologoyelpolitico.com.ar\/wordpress\/wp-json\/wp\/v2\/posts"}],"about":[{"href":"https:\/\/www.elpolitologoyelpolitico.com.ar\/wordpress\/wp-json\/wp\/v2\/types\/post"}],"author":[{"embeddable":true,"href":"https:\/\/www.elpolitologoyelpolitico.com.ar\/wordpress\/wp-json\/wp\/v2\/users\/4"}],"replies":[{"embeddable":true,"href":"https:\/\/www.elpolitologoyelpolitico.com.ar\/wordpress\/wp-json\/wp\/v2\/comments?post=35706"}],"version-history":[{"count":1,"href":"https:\/\/www.elpolitologoyelpolitico.com.ar\/wordpress\/wp-json\/wp\/v2\/posts\/35706\/revisions"}],"predecessor-version":[{"id":35709,"href":"https:\/\/www.elpolitologoyelpolitico.com.ar\/wordpress\/wp-json\/wp\/v2\/posts\/35706\/revisions\/35709"}],"wp:featuredmedia":[{"embeddable":true,"href":"https:\/\/www.elpolitologoyelpolitico.com.ar\/wordpress\/wp-json\/wp\/v2\/media\/35708"}],"wp:attachment":[{"href":"https:\/\/www.elpolitologoyelpolitico.com.ar\/wordpress\/wp-json\/wp\/v2\/media?parent=35706"}],"wp:term":[{"taxonomy":"category","embeddable":true,"href":"https:\/\/www.elpolitologoyelpolitico.com.ar\/wordpress\/wp-json\/wp\/v2\/categories?post=35706"},{"taxonomy":"post_tag","embeddable":true,"href":"https:\/\/www.elpolitologoyelpolitico.com.ar\/wordpress\/wp-json\/wp\/v2\/tags?post=35706"}],"curies":[{"name":"wp","href":"https:\/\/api.w.org\/{rel}","templated":true}]}}