{"id":35699,"date":"2023-10-30T12:58:36","date_gmt":"2023-10-30T15:58:36","guid":{"rendered":"https:\/\/www.elpolitologoyelpolitico.com.ar\/wordpress\/?p=35699"},"modified":"2023-10-30T12:58:37","modified_gmt":"2023-10-30T15:58:37","slug":"autoridades-electas-de-viedma-reciben-sus-diplomas","status":"publish","type":"post","link":"https:\/\/www.elpolitologoyelpolitico.com.ar\/wordpress\/2023\/10\/30\/autoridades-electas-de-viedma-reciben-sus-diplomas\/","title":{"rendered":"Autoridades electas de Viedma reciben sus diplomas"},"content":{"rendered":"\n<p>Ma\u00f1ana martes, recibir\u00e1n los certificados correspondientes el futuro intendente Marcos Castro, los y las concejales y miembros del Tribunal de Cuentas Municipal, todos electos en los comicios realizados el pasado 16 de abril. El acto, organizado por la Junta Electoral Municipal, se llevar\u00e1 a cabo en el Centro Cultural II, a las 9.<\/p>\n\n\n\n<p>Junto a Marcos Castro, recibir\u00e1 el diploma su compa\u00f1ero de f\u00f3rmula, el Presidente del Concejo Deliberante electo, Pedro Bichara.<\/p>\n\n\n\n<p>Por Juntos Somos R\u00edo Negro, recibir\u00e1n Natalia Macri y Luciano Ruiz; por Vamos con Todos, ser\u00e1n Juli\u00e1n Alga\u00f1aras y Lorena Alan; por Cambia R\u00edo Negro lo har\u00e1 Mar\u00eda Andria; por el Partido Alternativa y Recuperaci\u00f3n, Vanessa Cacho Devincenzi; por Primero R\u00edo Negro, Silvina Franco; y por Nos Une R\u00edo Negro, Evelyn Rousiot.<\/p>\n\n\n\n<p>En tanto, por el Tribunal de Cuentas, har\u00e1n lo propio Emilio De Rege (JSRN), Giselle Rosas Catriel (Vamos con Todos) y Cristian Herrera (Juntos Por el Cambio).<\/p>\n\n\n\n<p>Tambi\u00e9n recibir\u00e1n sus diplomas los suplentes y las suplentes electas para el Concejo Deliberante de Viedma y el Tribunal de Cuentas.<\/p>\n<div class=\"fb-background-color\">\n\t\t\t  <div \n\t\t\t  \tclass = \"fb-comments\" \n\t\t\t  \tdata-href = \"https:\/\/www.elpolitologoyelpolitico.com.ar\/wordpress\/2023\/10\/30\/autoridades-electas-de-viedma-reciben-sus-diplomas\/\"\n\t\t\t  \tdata-numposts = \"10\"\n\t\t\t  \tdata-lazy = \"true\"\n\t\t\t\tdata-colorscheme = \"light\"\n\t\t\t\tdata-order-by = \"social\"\n\t\t\t\tdata-mobile=true>\n\t\t\t  <\/div><\/div>\n\t\t  <style>\n\t\t    .fb-background-color {\n\t\t\t\tbackground: #ffffff !important;\n\t\t\t}\n\t\t\t.fb_iframe_widget_fluid_desktop iframe {\n\t\t\t    width: 100% !important;\n\t\t\t}\n\t\t  <\/style>\n\t\t  ","protected":false},"excerpt":{"rendered":"<p>Ma\u00f1ana martes, recibir\u00e1n los certificados correspondientes el futuro intendente Marcos Castro, los y las concejales y miembros del Tribunal de Cuentas Municipal, todos electos en los comicios realizados el pasado 16 de abril. El acto, organizado por la Junta Electoral Municipal, se llevar\u00e1 a cabo en el Centro Cultural II, a las 9. Junto a [&hellip;]<\/p>\n","protected":false},"author":4,"featured_media":35700,"comment_status":"closed","ping_status":"closed","sticky":false,"template":"","format":"standard","meta":{"_joinchat":[],"footnotes":""},"categories":[39],"tags":[],"class_list":["post-35699","post","type-post","status-publish","format-standard","has-post-thumbnail","hentry","category-en-esta-seccion"],"_links":{"self":[{"href":"https:\/\/www.elpolitologoyelpolitico.com.ar\/wordpress\/wp-json\/wp\/v2\/posts\/35699","targetHints":{"allow":["GET"]}}],"collection":[{"href":"https:\/\/www.elpolitologoyelpolitico.com.ar\/wordpress\/wp-json\/wp\/v2\/posts"}],"about":[{"href":"https:\/\/www.elpolitologoyelpolitico.com.ar\/wordpress\/wp-json\/wp\/v2\/types\/post"}],"author":[{"embeddable":true,"href":"https:\/\/www.elpolitologoyelpolitico.com.ar\/wordpress\/wp-json\/wp\/v2\/users\/4"}],"replies":[{"embeddable":true,"href":"https:\/\/www.elpolitologoyelpolitico.com.ar\/wordpress\/wp-json\/wp\/v2\/comments?post=35699"}],"version-history":[{"count":1,"href":"https:\/\/www.elpolitologoyelpolitico.com.ar\/wordpress\/wp-json\/wp\/v2\/posts\/35699\/revisions"}],"predecessor-version":[{"id":35701,"href":"https:\/\/www.elpolitologoyelpolitico.com.ar\/wordpress\/wp-json\/wp\/v2\/posts\/35699\/revisions\/35701"}],"wp:featuredmedia":[{"embeddable":true,"href":"https:\/\/www.elpolitologoyelpolitico.com.ar\/wordpress\/wp-json\/wp\/v2\/media\/35700"}],"wp:attachment":[{"href":"https:\/\/www.elpolitologoyelpolitico.com.ar\/wordpress\/wp-json\/wp\/v2\/media?parent=35699"}],"wp:term":[{"taxonomy":"category","embeddable":true,"href":"https:\/\/www.elpolitologoyelpolitico.com.ar\/wordpress\/wp-json\/wp\/v2\/categories?post=35699"},{"taxonomy":"post_tag","embeddable":true,"href":"https:\/\/www.elpolitologoyelpolitico.com.ar\/wordpress\/wp-json\/wp\/v2\/tags?post=35699"}],"curies":[{"name":"wp","href":"https:\/\/api.w.org\/{rel}","templated":true}]}}