{"id":35695,"date":"2023-10-30T12:42:24","date_gmt":"2023-10-30T15:42:24","guid":{"rendered":"https:\/\/www.elpolitologoyelpolitico.com.ar\/wordpress\/?p=35695"},"modified":"2023-10-30T12:42:25","modified_gmt":"2023-10-30T15:42:25","slug":"el-candidato-electo-de-patagones-ricardo-marino-se-reunio-con-jose-zara","status":"publish","type":"post","link":"https:\/\/www.elpolitologoyelpolitico.com.ar\/wordpress\/2023\/10\/30\/el-candidato-electo-de-patagones-ricardo-marino-se-reunio-con-jose-zara\/","title":{"rendered":"El candidato electo de Patagones Ricardo Marino se reuni\u00f3 con Jose Zara"},"content":{"rendered":"\n<p>El intendente electo de Patagones Ricardo Marino se reuni\u00f3 con el intendente Jose Zara para analizar los \u00faltimos detalles de la transici\u00f3n.<\/p>\n\n\n\n<p>El Jefe Comunal estuvo acompa\u00f1ado por el Jefe de Gabinete Fabio Bettinelli, el secretario de Gobierno Daniel Paredes y el Secretario de Hacienda Hector Telleria.<\/p>\n\n\n\n<p>Ricardo Marino estuvo acompa\u00f1ado por los concejales Ariel Zvenger y Mariel Cinirella, el consejero escolar electo Raul Rosemberg.<\/p>\n\n\n\n<p>Por \u00faltimo estuvieron Hector Otero, Luis Guerrero, Claudia Lucero, Juan Ensone, Guillermo Calfin y Matias Perez.<\/p>\n\n\n\n<p>Ricardo Marino indic\u00f3 \u00abVamos a tener una transici\u00f3n ordenada<\/p>\n\n\n\n<p>Marino expres\u00f3 que tendr\u00e1 menos funcionarios en su gobierno y aclar\u00f3 \u00abYo no voy a tener Jefe de Gabinete pero si Secretario de Hacienda\u00bb.<\/p>\n\n\n\n<p><\/p>\n\n\n\n<figure class=\"wp-block-image size-large\"><img fetchpriority=\"high\" decoding=\"async\" width=\"1024\" height=\"768\" src=\"https:\/\/www.elpolitologoyelpolitico.com.ar\/wp-content\/uploads\/2023\/10\/IMG-20231030-WA0013-1024x768.jpg\" alt=\"\" class=\"wp-image-35697\" srcset=\"https:\/\/www.elpolitologoyelpolitico.com.ar\/wp-content\/uploads\/2023\/10\/IMG-20231030-WA0013-1024x768.jpg 1024w, https:\/\/www.elpolitologoyelpolitico.com.ar\/wp-content\/uploads\/2023\/10\/IMG-20231030-WA0013-300x225.jpg 300w, https:\/\/www.elpolitologoyelpolitico.com.ar\/wp-content\/uploads\/2023\/10\/IMG-20231030-WA0013-768x576.jpg 768w, https:\/\/www.elpolitologoyelpolitico.com.ar\/wp-content\/uploads\/2023\/10\/IMG-20231030-WA0013.jpg 1040w\" sizes=\"(max-width: 1024px) 100vw, 1024px\" \/><\/figure>\n<div class=\"fb-background-color\">\n\t\t\t  <div \n\t\t\t  \tclass = \"fb-comments\" \n\t\t\t  \tdata-href = \"https:\/\/www.elpolitologoyelpolitico.com.ar\/wordpress\/2023\/10\/30\/el-candidato-electo-de-patagones-ricardo-marino-se-reunio-con-jose-zara\/\"\n\t\t\t  \tdata-numposts = \"10\"\n\t\t\t  \tdata-lazy = \"true\"\n\t\t\t\tdata-colorscheme = \"light\"\n\t\t\t\tdata-order-by = \"social\"\n\t\t\t\tdata-mobile=true>\n\t\t\t  <\/div><\/div>\n\t\t  <style>\n\t\t    .fb-background-color {\n\t\t\t\tbackground: #ffffff !important;\n\t\t\t}\n\t\t\t.fb_iframe_widget_fluid_desktop iframe {\n\t\t\t    width: 100% !important;\n\t\t\t}\n\t\t  <\/style>\n\t\t  ","protected":false},"excerpt":{"rendered":"<p>El intendente electo de Patagones Ricardo Marino se reuni\u00f3 con el intendente Jose Zara para analizar los \u00faltimos detalles de la transici\u00f3n. El Jefe Comunal estuvo acompa\u00f1ado por el Jefe de Gabinete Fabio Bettinelli, el secretario de Gobierno Daniel Paredes y el Secretario de Hacienda Hector Telleria. Ricardo Marino estuvo acompa\u00f1ado por los concejales Ariel [&hellip;]<\/p>\n","protected":false},"author":4,"featured_media":35696,"comment_status":"closed","ping_status":"closed","sticky":false,"template":"","format":"standard","meta":{"_joinchat":[],"footnotes":""},"categories":[39],"tags":[],"class_list":["post-35695","post","type-post","status-publish","format-standard","has-post-thumbnail","hentry","category-en-esta-seccion"],"_links":{"self":[{"href":"https:\/\/www.elpolitologoyelpolitico.com.ar\/wordpress\/wp-json\/wp\/v2\/posts\/35695","targetHints":{"allow":["GET"]}}],"collection":[{"href":"https:\/\/www.elpolitologoyelpolitico.com.ar\/wordpress\/wp-json\/wp\/v2\/posts"}],"about":[{"href":"https:\/\/www.elpolitologoyelpolitico.com.ar\/wordpress\/wp-json\/wp\/v2\/types\/post"}],"author":[{"embeddable":true,"href":"https:\/\/www.elpolitologoyelpolitico.com.ar\/wordpress\/wp-json\/wp\/v2\/users\/4"}],"replies":[{"embeddable":true,"href":"https:\/\/www.elpolitologoyelpolitico.com.ar\/wordpress\/wp-json\/wp\/v2\/comments?post=35695"}],"version-history":[{"count":1,"href":"https:\/\/www.elpolitologoyelpolitico.com.ar\/wordpress\/wp-json\/wp\/v2\/posts\/35695\/revisions"}],"predecessor-version":[{"id":35698,"href":"https:\/\/www.elpolitologoyelpolitico.com.ar\/wordpress\/wp-json\/wp\/v2\/posts\/35695\/revisions\/35698"}],"wp:featuredmedia":[{"embeddable":true,"href":"https:\/\/www.elpolitologoyelpolitico.com.ar\/wordpress\/wp-json\/wp\/v2\/media\/35696"}],"wp:attachment":[{"href":"https:\/\/www.elpolitologoyelpolitico.com.ar\/wordpress\/wp-json\/wp\/v2\/media?parent=35695"}],"wp:term":[{"taxonomy":"category","embeddable":true,"href":"https:\/\/www.elpolitologoyelpolitico.com.ar\/wordpress\/wp-json\/wp\/v2\/categories?post=35695"},{"taxonomy":"post_tag","embeddable":true,"href":"https:\/\/www.elpolitologoyelpolitico.com.ar\/wordpress\/wp-json\/wp\/v2\/tags?post=35695"}],"curies":[{"name":"wp","href":"https:\/\/api.w.org\/{rel}","templated":true}]}}