{"id":35690,"date":"2023-10-30T11:51:24","date_gmt":"2023-10-30T14:51:24","guid":{"rendered":"https:\/\/www.elpolitologoyelpolitico.com.ar\/wordpress\/?p=35690"},"modified":"2023-10-30T11:51:25","modified_gmt":"2023-10-30T14:51:25","slug":"el-bid-disena-desde-viedma-la-gestion-estrategica-de-residuos-para-toda-america-latina","status":"publish","type":"post","link":"https:\/\/www.elpolitologoyelpolitico.com.ar\/wordpress\/2023\/10\/30\/el-bid-disena-desde-viedma-la-gestion-estrategica-de-residuos-para-toda-america-latina\/","title":{"rendered":"El BID dise\u00f1a desde Viedma, la gesti\u00f3n estrat\u00e9gica de Residuos para toda Am\u00e9rica Latina"},"content":{"rendered":"\n<p>Durante 3 jornadas en la ciudad de Viedma, 2 consultores del Banco Interamericano de Desarrollo estuvieron trabajando en el dise\u00f1o de una herramienta \u00e1gil y din\u00e1mica para la autoevaluaci\u00f3n de Ciudades, Consorcios y Empresas P\u00fablicas de Gesti\u00f3n de Residuos S\u00f3lidos Urbanos.<\/p>\n\n\n\n<p>Los consultores Carlos Sagasti (especialista en Manejo de Residuos, Desarrollo y Globalizaci\u00f3n) y \u00c1lvaro Burgos (experto en Estrategia e Innovaci\u00f3n), desarrollan un trabajo t\u00e9cnico muy minucioso a base de indicadores e informaci\u00f3n operativa, que vienen trabajando con el equipo del Centro Ambiental Patag\u00f3nico GIRSU desde hace algunos meses.<\/p>\n\n\n\n<p>\u00abEl inicio de todo este proceso fue a principios de 2023 cuando el BID nos seleccion\u00f3 para globalizar el trabajo que hacemos en materia de Gesti\u00f3n de Residuos. Estuvimos trabajando mucho de manera virtual, y luego en las primeras reuniones presenciales en las oficinas del Banco a fines de junio, con 5 Consorcios m\u00e1s de Am\u00e9rica Latina. La presencia de ellos en Viedma es muy gratificante para nosotros, porque ratifica el hecho de haber sido seleccionados como el Modelo Piloto para desarrollar una herramienta de gesti\u00f3n estrate\u01f5ica. Si: de Viedma saldr\u00e1 una herramienta aplicable para toda Latinoam\u00e9rica. Eso es para nosotros motivo de mucho orgullo y una enorme responsabilidad\u00bb se\u00f1al\u00f3 Gast\u00f3n Guti\u00e9rrez, presidente del Directorio del GIRSU Patag\u00f3nico.<\/p>\n\n\n\n<p>El Consorcio del GIRSU, integrado por el Gerente Federico Aguirrezabala y el Director Mat\u00edas Fazio, aport\u00f3 la informaci\u00f3n de las operaciones que se realizan y de gesti\u00f3n administrativa financiera, que es neur\u00e1lgica para consolidar los procesamientos de informaci\u00f3n.<\/p>\n\n\n\n<p>\u00abSabemos que estamos en el camino correcto para la gesti\u00f3n de residuos, desde la disposici\u00f3n final en Relleno Sanitario para el confinamiento de los mismos, hasta el proceso integral de reciclado con inclusi\u00f3n social. Sabemos que queda mucho por mejorar, ya que llevamos menos de 4 a\u00f1os de este modelo de gesti\u00f3n. Ser seleccionados para exportar nuestro modelo a toda Am\u00e9rica Latina, se debe a una gran decisi\u00f3n pol\u00edtica y un enorme coraje ec\u00f3nomico, sobre todo en un contexto en el cual, en Argentina, el 99,5% de las ciudades entierra y quema los residuos a cielo abierto.\u00bb finaliz\u00f3 Guti\u00e9rrez.<\/p>\n\n\n\n<figure class=\"wp-block-gallery has-nested-images columns-default is-cropped wp-block-gallery-1 is-layout-flex wp-block-gallery-is-layout-flex\">\n<figure class=\"wp-block-image size-large\"><img fetchpriority=\"high\" decoding=\"async\" width=\"1024\" height=\"460\" data-id=\"35692\" src=\"https:\/\/www.elpolitologoyelpolitico.com.ar\/wp-content\/uploads\/2023\/10\/IMG-20231030-WA0011-1024x460.jpg\" alt=\"\" class=\"wp-image-35692\" srcset=\"https:\/\/www.elpolitologoyelpolitico.com.ar\/wp-content\/uploads\/2023\/10\/IMG-20231030-WA0011-1024x460.jpg 1024w, https:\/\/www.elpolitologoyelpolitico.com.ar\/wp-content\/uploads\/2023\/10\/IMG-20231030-WA0011-300x135.jpg 300w, https:\/\/www.elpolitologoyelpolitico.com.ar\/wp-content\/uploads\/2023\/10\/IMG-20231030-WA0011-768x345.jpg 768w, https:\/\/www.elpolitologoyelpolitico.com.ar\/wp-content\/uploads\/2023\/10\/IMG-20231030-WA0011.jpg 1280w\" sizes=\"(max-width: 1024px) 100vw, 1024px\" \/><\/figure>\n\n\n\n<figure class=\"wp-block-image size-large\"><img decoding=\"async\" width=\"461\" height=\"1024\" data-id=\"35693\" src=\"https:\/\/www.elpolitologoyelpolitico.com.ar\/wp-content\/uploads\/2023\/10\/IMG-20231030-WA0010-461x1024.jpg\" alt=\"\" class=\"wp-image-35693\" srcset=\"https:\/\/www.elpolitologoyelpolitico.com.ar\/wp-content\/uploads\/2023\/10\/IMG-20231030-WA0010-461x1024.jpg 461w, https:\/\/www.elpolitologoyelpolitico.com.ar\/wp-content\/uploads\/2023\/10\/IMG-20231030-WA0010-135x300.jpg 135w, https:\/\/www.elpolitologoyelpolitico.com.ar\/wp-content\/uploads\/2023\/10\/IMG-20231030-WA0010-691x1536.jpg 691w, https:\/\/www.elpolitologoyelpolitico.com.ar\/wp-content\/uploads\/2023\/10\/IMG-20231030-WA0010.jpg 720w\" sizes=\"(max-width: 461px) 100vw, 461px\" \/><\/figure>\n<\/figure>\n<div class=\"fb-background-color\">\n\t\t\t  <div \n\t\t\t  \tclass = \"fb-comments\" \n\t\t\t  \tdata-href = \"https:\/\/www.elpolitologoyelpolitico.com.ar\/wordpress\/2023\/10\/30\/el-bid-disena-desde-viedma-la-gestion-estrategica-de-residuos-para-toda-america-latina\/\"\n\t\t\t  \tdata-numposts = \"10\"\n\t\t\t  \tdata-lazy = \"true\"\n\t\t\t\tdata-colorscheme = \"light\"\n\t\t\t\tdata-order-by = \"social\"\n\t\t\t\tdata-mobile=true>\n\t\t\t  <\/div><\/div>\n\t\t  <style>\n\t\t    .fb-background-color {\n\t\t\t\tbackground: #ffffff !important;\n\t\t\t}\n\t\t\t.fb_iframe_widget_fluid_desktop iframe {\n\t\t\t    width: 100% !important;\n\t\t\t}\n\t\t  <\/style>\n\t\t  ","protected":false},"excerpt":{"rendered":"<p>Durante 3 jornadas en la ciudad de Viedma, 2 consultores del Banco Interamericano de Desarrollo estuvieron trabajando en el dise\u00f1o de una herramienta \u00e1gil y din\u00e1mica para la autoevaluaci\u00f3n de Ciudades, Consorcios y Empresas P\u00fablicas de Gesti\u00f3n de Residuos S\u00f3lidos Urbanos. Los consultores Carlos Sagasti (especialista en Manejo de Residuos, Desarrollo y Globalizaci\u00f3n) y \u00c1lvaro [&hellip;]<\/p>\n","protected":false},"author":4,"featured_media":35691,"comment_status":"closed","ping_status":"closed","sticky":false,"template":"","format":"standard","meta":{"_joinchat":[],"footnotes":""},"categories":[39],"tags":[],"class_list":["post-35690","post","type-post","status-publish","format-standard","has-post-thumbnail","hentry","category-en-esta-seccion"],"_links":{"self":[{"href":"https:\/\/www.elpolitologoyelpolitico.com.ar\/wordpress\/wp-json\/wp\/v2\/posts\/35690","targetHints":{"allow":["GET"]}}],"collection":[{"href":"https:\/\/www.elpolitologoyelpolitico.com.ar\/wordpress\/wp-json\/wp\/v2\/posts"}],"about":[{"href":"https:\/\/www.elpolitologoyelpolitico.com.ar\/wordpress\/wp-json\/wp\/v2\/types\/post"}],"author":[{"embeddable":true,"href":"https:\/\/www.elpolitologoyelpolitico.com.ar\/wordpress\/wp-json\/wp\/v2\/users\/4"}],"replies":[{"embeddable":true,"href":"https:\/\/www.elpolitologoyelpolitico.com.ar\/wordpress\/wp-json\/wp\/v2\/comments?post=35690"}],"version-history":[{"count":1,"href":"https:\/\/www.elpolitologoyelpolitico.com.ar\/wordpress\/wp-json\/wp\/v2\/posts\/35690\/revisions"}],"predecessor-version":[{"id":35694,"href":"https:\/\/www.elpolitologoyelpolitico.com.ar\/wordpress\/wp-json\/wp\/v2\/posts\/35690\/revisions\/35694"}],"wp:featuredmedia":[{"embeddable":true,"href":"https:\/\/www.elpolitologoyelpolitico.com.ar\/wordpress\/wp-json\/wp\/v2\/media\/35691"}],"wp:attachment":[{"href":"https:\/\/www.elpolitologoyelpolitico.com.ar\/wordpress\/wp-json\/wp\/v2\/media?parent=35690"}],"wp:term":[{"taxonomy":"category","embeddable":true,"href":"https:\/\/www.elpolitologoyelpolitico.com.ar\/wordpress\/wp-json\/wp\/v2\/categories?post=35690"},{"taxonomy":"post_tag","embeddable":true,"href":"https:\/\/www.elpolitologoyelpolitico.com.ar\/wordpress\/wp-json\/wp\/v2\/tags?post=35690"}],"curies":[{"name":"wp","href":"https:\/\/api.w.org\/{rel}","templated":true}]}}