{"id":35680,"date":"2023-10-30T11:31:18","date_gmt":"2023-10-30T14:31:18","guid":{"rendered":"https:\/\/www.elpolitologoyelpolitico.com.ar\/wordpress\/?p=35680"},"modified":"2023-10-30T11:31:19","modified_gmt":"2023-10-30T14:31:19","slug":"mas-de-600-personas-participaron-de-la-maraton-stilo","status":"publish","type":"post","link":"https:\/\/www.elpolitologoyelpolitico.com.ar\/wordpress\/2023\/10\/30\/mas-de-600-personas-participaron-de-la-maraton-stilo\/","title":{"rendered":"Mas de 600 personas participaron de la Marat\u00f3n Stilo"},"content":{"rendered":"\n<p>Ayer se disput\u00f3 la 24\u00b0 edici\u00f3n de la maraton stilo en la Ciudad de Viedma.<\/p>\n\n\n\n<p>Fueron varios deportistas de la Provinicia de R\u00edo Negro y de todo el territorio Nacional los que participaron en este evento.<\/p>\n\n\n\n<p>La hist\u00f3rica marat\u00f3n viedmense reuni\u00f3 a locales y visitantes de diferentes puntos del pa\u00eds y la victoria de la competencia central de 10k fue para Manuel Corsico de Bah\u00eda Blanca con un tiempp de 30, 58;00.<\/p>\n\n\n\n<p>Fernanda Oropel se quedo con el primer lugar en damas.<\/p>\n\n\n\n<p><\/p>\n\n\n\n<figure class=\"wp-block-gallery has-nested-images columns-default is-cropped wp-block-gallery-1 is-layout-flex wp-block-gallery-is-layout-flex\">\n<figure class=\"wp-block-image size-large\"><img fetchpriority=\"high\" decoding=\"async\" width=\"1024\" height=\"682\" data-id=\"35682\" src=\"https:\/\/www.elpolitologoyelpolitico.com.ar\/wp-content\/uploads\/2023\/10\/IMG-20231030-WA0008-1024x682.jpg\" alt=\"\" class=\"wp-image-35682\" srcset=\"https:\/\/www.elpolitologoyelpolitico.com.ar\/wp-content\/uploads\/2023\/10\/IMG-20231030-WA0008-1024x682.jpg 1024w, https:\/\/www.elpolitologoyelpolitico.com.ar\/wp-content\/uploads\/2023\/10\/IMG-20231030-WA0008-300x200.jpg 300w, https:\/\/www.elpolitologoyelpolitico.com.ar\/wp-content\/uploads\/2023\/10\/IMG-20231030-WA0008-768x512.jpg 768w, https:\/\/www.elpolitologoyelpolitico.com.ar\/wp-content\/uploads\/2023\/10\/IMG-20231030-WA0008.jpg 1081w\" sizes=\"(max-width: 1024px) 100vw, 1024px\" \/><\/figure>\n\n\n\n<figure class=\"wp-block-image size-large\"><img decoding=\"async\" width=\"960\" height=\"640\" data-id=\"35683\" src=\"https:\/\/www.elpolitologoyelpolitico.com.ar\/wp-content\/uploads\/2023\/10\/IMG-20231030-WA0006.jpg\" alt=\"\" class=\"wp-image-35683\" srcset=\"https:\/\/www.elpolitologoyelpolitico.com.ar\/wp-content\/uploads\/2023\/10\/IMG-20231030-WA0006.jpg 960w, https:\/\/www.elpolitologoyelpolitico.com.ar\/wp-content\/uploads\/2023\/10\/IMG-20231030-WA0006-300x200.jpg 300w, https:\/\/www.elpolitologoyelpolitico.com.ar\/wp-content\/uploads\/2023\/10\/IMG-20231030-WA0006-768x512.jpg 768w\" sizes=\"(max-width: 960px) 100vw, 960px\" \/><\/figure>\n\n\n\n<figure class=\"wp-block-image size-large\"><img decoding=\"async\" width=\"1024\" height=\"682\" data-id=\"35684\" src=\"https:\/\/www.elpolitologoyelpolitico.com.ar\/wp-content\/uploads\/2023\/10\/IMG-20231030-WA0007-1024x682.jpg\" alt=\"\" class=\"wp-image-35684\" srcset=\"https:\/\/www.elpolitologoyelpolitico.com.ar\/wp-content\/uploads\/2023\/10\/IMG-20231030-WA0007-1024x682.jpg 1024w, https:\/\/www.elpolitologoyelpolitico.com.ar\/wp-content\/uploads\/2023\/10\/IMG-20231030-WA0007-300x200.jpg 300w, https:\/\/www.elpolitologoyelpolitico.com.ar\/wp-content\/uploads\/2023\/10\/IMG-20231030-WA0007-768x512.jpg 768w, https:\/\/www.elpolitologoyelpolitico.com.ar\/wp-content\/uploads\/2023\/10\/IMG-20231030-WA0007.jpg 1081w\" sizes=\"(max-width: 1024px) 100vw, 1024px\" \/><\/figure>\n\n\n\n<figure class=\"wp-block-image size-large\"><img loading=\"lazy\" decoding=\"async\" width=\"1024\" height=\"682\" data-id=\"35687\" src=\"https:\/\/www.elpolitologoyelpolitico.com.ar\/wp-content\/uploads\/2023\/10\/IMG-20231030-WA0002-1024x682.jpg\" alt=\"\" class=\"wp-image-35687\" srcset=\"https:\/\/www.elpolitologoyelpolitico.com.ar\/wp-content\/uploads\/2023\/10\/IMG-20231030-WA0002-1024x682.jpg 1024w, https:\/\/www.elpolitologoyelpolitico.com.ar\/wp-content\/uploads\/2023\/10\/IMG-20231030-WA0002-300x200.jpg 300w, https:\/\/www.elpolitologoyelpolitico.com.ar\/wp-content\/uploads\/2023\/10\/IMG-20231030-WA0002-768x512.jpg 768w, https:\/\/www.elpolitologoyelpolitico.com.ar\/wp-content\/uploads\/2023\/10\/IMG-20231030-WA0002.jpg 1081w\" sizes=\"(max-width: 1024px) 100vw, 1024px\" \/><\/figure>\n\n\n\n<figure class=\"wp-block-image size-large\"><img loading=\"lazy\" decoding=\"async\" width=\"1024\" height=\"682\" data-id=\"35686\" src=\"https:\/\/www.elpolitologoyelpolitico.com.ar\/wp-content\/uploads\/2023\/10\/IMG-20231030-WA0003-1024x682.jpg\" alt=\"\" class=\"wp-image-35686\" srcset=\"https:\/\/www.elpolitologoyelpolitico.com.ar\/wp-content\/uploads\/2023\/10\/IMG-20231030-WA0003-1024x682.jpg 1024w, https:\/\/www.elpolitologoyelpolitico.com.ar\/wp-content\/uploads\/2023\/10\/IMG-20231030-WA0003-300x200.jpg 300w, https:\/\/www.elpolitologoyelpolitico.com.ar\/wp-content\/uploads\/2023\/10\/IMG-20231030-WA0003-768x512.jpg 768w, https:\/\/www.elpolitologoyelpolitico.com.ar\/wp-content\/uploads\/2023\/10\/IMG-20231030-WA0003.jpg 1081w\" sizes=\"(max-width: 1024px) 100vw, 1024px\" \/><\/figure>\n\n\n\n<figure class=\"wp-block-image size-large\"><img loading=\"lazy\" decoding=\"async\" width=\"960\" height=\"640\" data-id=\"35685\" src=\"https:\/\/www.elpolitologoyelpolitico.com.ar\/wp-content\/uploads\/2023\/10\/IMG-20231030-WA0004.jpg\" alt=\"\" class=\"wp-image-35685\" srcset=\"https:\/\/www.elpolitologoyelpolitico.com.ar\/wp-content\/uploads\/2023\/10\/IMG-20231030-WA0004.jpg 960w, https:\/\/www.elpolitologoyelpolitico.com.ar\/wp-content\/uploads\/2023\/10\/IMG-20231030-WA0004-300x200.jpg 300w, https:\/\/www.elpolitologoyelpolitico.com.ar\/wp-content\/uploads\/2023\/10\/IMG-20231030-WA0004-768x512.jpg 768w\" sizes=\"(max-width: 960px) 100vw, 960px\" \/><\/figure>\n\n\n\n<figure class=\"wp-block-image size-large\"><img loading=\"lazy\" decoding=\"async\" width=\"1024\" height=\"682\" data-id=\"35688\" src=\"https:\/\/www.elpolitologoyelpolitico.com.ar\/wp-content\/uploads\/2023\/10\/IMG-20231030-WA0005-1024x682.jpg\" alt=\"\" class=\"wp-image-35688\" srcset=\"https:\/\/www.elpolitologoyelpolitico.com.ar\/wp-content\/uploads\/2023\/10\/IMG-20231030-WA0005-1024x682.jpg 1024w, https:\/\/www.elpolitologoyelpolitico.com.ar\/wp-content\/uploads\/2023\/10\/IMG-20231030-WA0005-300x200.jpg 300w, https:\/\/www.elpolitologoyelpolitico.com.ar\/wp-content\/uploads\/2023\/10\/IMG-20231030-WA0005-768x512.jpg 768w, https:\/\/www.elpolitologoyelpolitico.com.ar\/wp-content\/uploads\/2023\/10\/IMG-20231030-WA0005.jpg 1081w\" sizes=\"(max-width: 1024px) 100vw, 1024px\" \/><\/figure>\n<\/figure>\n<div class=\"fb-background-color\">\n\t\t\t  <div \n\t\t\t  \tclass = \"fb-comments\" \n\t\t\t  \tdata-href = \"https:\/\/www.elpolitologoyelpolitico.com.ar\/wordpress\/2023\/10\/30\/mas-de-600-personas-participaron-de-la-maraton-stilo\/\"\n\t\t\t  \tdata-numposts = \"10\"\n\t\t\t  \tdata-lazy = \"true\"\n\t\t\t\tdata-colorscheme = \"light\"\n\t\t\t\tdata-order-by = \"social\"\n\t\t\t\tdata-mobile=true>\n\t\t\t  <\/div><\/div>\n\t\t  <style>\n\t\t    .fb-background-color {\n\t\t\t\tbackground: #ffffff !important;\n\t\t\t}\n\t\t\t.fb_iframe_widget_fluid_desktop iframe {\n\t\t\t    width: 100% !important;\n\t\t\t}\n\t\t  <\/style>\n\t\t  ","protected":false},"excerpt":{"rendered":"<p>Ayer se disput\u00f3 la 24\u00b0 edici\u00f3n de la maraton stilo en la Ciudad de Viedma. Fueron varios deportistas de la Provinicia de R\u00edo Negro y de todo el territorio Nacional los que participaron en este evento. La hist\u00f3rica marat\u00f3n viedmense reuni\u00f3 a locales y visitantes de diferentes puntos del pa\u00eds y la victoria de la [&hellip;]<\/p>\n","protected":false},"author":4,"featured_media":35681,"comment_status":"closed","ping_status":"closed","sticky":false,"template":"","format":"standard","meta":{"_joinchat":[],"footnotes":""},"categories":[39],"tags":[],"class_list":["post-35680","post","type-post","status-publish","format-standard","has-post-thumbnail","hentry","category-en-esta-seccion"],"_links":{"self":[{"href":"https:\/\/www.elpolitologoyelpolitico.com.ar\/wordpress\/wp-json\/wp\/v2\/posts\/35680","targetHints":{"allow":["GET"]}}],"collection":[{"href":"https:\/\/www.elpolitologoyelpolitico.com.ar\/wordpress\/wp-json\/wp\/v2\/posts"}],"about":[{"href":"https:\/\/www.elpolitologoyelpolitico.com.ar\/wordpress\/wp-json\/wp\/v2\/types\/post"}],"author":[{"embeddable":true,"href":"https:\/\/www.elpolitologoyelpolitico.com.ar\/wordpress\/wp-json\/wp\/v2\/users\/4"}],"replies":[{"embeddable":true,"href":"https:\/\/www.elpolitologoyelpolitico.com.ar\/wordpress\/wp-json\/wp\/v2\/comments?post=35680"}],"version-history":[{"count":1,"href":"https:\/\/www.elpolitologoyelpolitico.com.ar\/wordpress\/wp-json\/wp\/v2\/posts\/35680\/revisions"}],"predecessor-version":[{"id":35689,"href":"https:\/\/www.elpolitologoyelpolitico.com.ar\/wordpress\/wp-json\/wp\/v2\/posts\/35680\/revisions\/35689"}],"wp:featuredmedia":[{"embeddable":true,"href":"https:\/\/www.elpolitologoyelpolitico.com.ar\/wordpress\/wp-json\/wp\/v2\/media\/35681"}],"wp:attachment":[{"href":"https:\/\/www.elpolitologoyelpolitico.com.ar\/wordpress\/wp-json\/wp\/v2\/media?parent=35680"}],"wp:term":[{"taxonomy":"category","embeddable":true,"href":"https:\/\/www.elpolitologoyelpolitico.com.ar\/wordpress\/wp-json\/wp\/v2\/categories?post=35680"},{"taxonomy":"post_tag","embeddable":true,"href":"https:\/\/www.elpolitologoyelpolitico.com.ar\/wordpress\/wp-json\/wp\/v2\/tags?post=35680"}],"curies":[{"name":"wp","href":"https:\/\/api.w.org\/{rel}","templated":true}]}}