{"id":35676,"date":"2023-10-29T13:07:32","date_gmt":"2023-10-29T16:07:32","guid":{"rendered":"https:\/\/www.elpolitologoyelpolitico.com.ar\/wordpress\/?p=35676"},"modified":"2023-10-29T13:07:33","modified_gmt":"2023-10-29T16:07:33","slug":"asamblea-empleados-de-comercio-ricardo-marino-participo-por-ultima-vez-como-secretario-general-antes-de-asumir-como-intendente-de-patagones","status":"publish","type":"post","link":"https:\/\/www.elpolitologoyelpolitico.com.ar\/wordpress\/2023\/10\/29\/asamblea-empleados-de-comercio-ricardo-marino-participo-por-ultima-vez-como-secretario-general-antes-de-asumir-como-intendente-de-patagones\/","title":{"rendered":"Asamblea Empleados de Comercio: Ricardo Marino particip\u00f3 por \u00faltima vez como secretario general antes de asumir como Intendente de Patagones"},"content":{"rendered":"\n<p>El intendente electo de Patagones Ricardo Marino particip\u00f3 en la \u00faltima asamblea como secretario general del Gremio del Gremio empleados de Comercio. El 10 de diciembre asume como intendente de Patagones y solicit\u00f3 licencia.<\/p>\n\n\n\n<p>En la Asamblea, se aprob\u00f3 por unanimidad Memoria y Balance. El gremio quedar\u00e1 conducido por el secretario adjunto Carlos Alberto Gorosito<\/p>\n\n\n\n<p>Por \u00faltimo, se entregaron medallas a los afiliados con 25 a\u00f1os en la actividad mercantil y nuevos Jubilados mercantiles.<\/p>\n\n\n\n<figure class=\"wp-block-image size-large\"><img fetchpriority=\"high\" decoding=\"async\" width=\"1024\" height=\"673\" src=\"https:\/\/www.elpolitologoyelpolitico.com.ar\/wp-content\/uploads\/2023\/10\/WhatsApp-Image-2023-10-28-at-11.30.28-1024x673.jpeg\" alt=\"\" class=\"wp-image-35678\" srcset=\"https:\/\/www.elpolitologoyelpolitico.com.ar\/wp-content\/uploads\/2023\/10\/WhatsApp-Image-2023-10-28-at-11.30.28-1024x673.jpeg 1024w, https:\/\/www.elpolitologoyelpolitico.com.ar\/wp-content\/uploads\/2023\/10\/WhatsApp-Image-2023-10-28-at-11.30.28-300x197.jpeg 300w, https:\/\/www.elpolitologoyelpolitico.com.ar\/wp-content\/uploads\/2023\/10\/WhatsApp-Image-2023-10-28-at-11.30.28-768x505.jpeg 768w, https:\/\/www.elpolitologoyelpolitico.com.ar\/wp-content\/uploads\/2023\/10\/WhatsApp-Image-2023-10-28-at-11.30.28.jpeg 1039w\" sizes=\"(max-width: 1024px) 100vw, 1024px\" \/><\/figure>\n<div class=\"fb-background-color\">\n\t\t\t  <div \n\t\t\t  \tclass = \"fb-comments\" \n\t\t\t  \tdata-href = \"https:\/\/www.elpolitologoyelpolitico.com.ar\/wordpress\/2023\/10\/29\/asamblea-empleados-de-comercio-ricardo-marino-participo-por-ultima-vez-como-secretario-general-antes-de-asumir-como-intendente-de-patagones\/\"\n\t\t\t  \tdata-numposts = \"10\"\n\t\t\t  \tdata-lazy = \"true\"\n\t\t\t\tdata-colorscheme = \"light\"\n\t\t\t\tdata-order-by = \"social\"\n\t\t\t\tdata-mobile=true>\n\t\t\t  <\/div><\/div>\n\t\t  <style>\n\t\t    .fb-background-color {\n\t\t\t\tbackground: #ffffff !important;\n\t\t\t}\n\t\t\t.fb_iframe_widget_fluid_desktop iframe {\n\t\t\t    width: 100% !important;\n\t\t\t}\n\t\t  <\/style>\n\t\t  ","protected":false},"excerpt":{"rendered":"<p>El intendente electo de Patagones Ricardo Marino particip\u00f3 en la \u00faltima asamblea como secretario general del Gremio del Gremio empleados de Comercio. El 10 de diciembre asume como intendente de Patagones y solicit\u00f3 licencia. En la Asamblea, se aprob\u00f3 por unanimidad Memoria y Balance. El gremio quedar\u00e1 conducido por el secretario adjunto Carlos Alberto Gorosito [&hellip;]<\/p>\n","protected":false},"author":4,"featured_media":35677,"comment_status":"closed","ping_status":"closed","sticky":false,"template":"","format":"standard","meta":{"_joinchat":[],"footnotes":""},"categories":[39],"tags":[],"class_list":["post-35676","post","type-post","status-publish","format-standard","has-post-thumbnail","hentry","category-en-esta-seccion"],"_links":{"self":[{"href":"https:\/\/www.elpolitologoyelpolitico.com.ar\/wordpress\/wp-json\/wp\/v2\/posts\/35676","targetHints":{"allow":["GET"]}}],"collection":[{"href":"https:\/\/www.elpolitologoyelpolitico.com.ar\/wordpress\/wp-json\/wp\/v2\/posts"}],"about":[{"href":"https:\/\/www.elpolitologoyelpolitico.com.ar\/wordpress\/wp-json\/wp\/v2\/types\/post"}],"author":[{"embeddable":true,"href":"https:\/\/www.elpolitologoyelpolitico.com.ar\/wordpress\/wp-json\/wp\/v2\/users\/4"}],"replies":[{"embeddable":true,"href":"https:\/\/www.elpolitologoyelpolitico.com.ar\/wordpress\/wp-json\/wp\/v2\/comments?post=35676"}],"version-history":[{"count":1,"href":"https:\/\/www.elpolitologoyelpolitico.com.ar\/wordpress\/wp-json\/wp\/v2\/posts\/35676\/revisions"}],"predecessor-version":[{"id":35679,"href":"https:\/\/www.elpolitologoyelpolitico.com.ar\/wordpress\/wp-json\/wp\/v2\/posts\/35676\/revisions\/35679"}],"wp:featuredmedia":[{"embeddable":true,"href":"https:\/\/www.elpolitologoyelpolitico.com.ar\/wordpress\/wp-json\/wp\/v2\/media\/35677"}],"wp:attachment":[{"href":"https:\/\/www.elpolitologoyelpolitico.com.ar\/wordpress\/wp-json\/wp\/v2\/media?parent=35676"}],"wp:term":[{"taxonomy":"category","embeddable":true,"href":"https:\/\/www.elpolitologoyelpolitico.com.ar\/wordpress\/wp-json\/wp\/v2\/categories?post=35676"},{"taxonomy":"post_tag","embeddable":true,"href":"https:\/\/www.elpolitologoyelpolitico.com.ar\/wordpress\/wp-json\/wp\/v2\/tags?post=35676"}],"curies":[{"name":"wp","href":"https:\/\/api.w.org\/{rel}","templated":true}]}}