{"id":35671,"date":"2023-10-29T12:35:23","date_gmt":"2023-10-29T15:35:23","guid":{"rendered":"https:\/\/www.elpolitologoyelpolitico.com.ar\/wordpress\/?p=35671"},"modified":"2023-10-29T12:35:26","modified_gmt":"2023-10-29T15:35:26","slug":"inolvidable-celebracion-de-la-noche-de-los-museos-patagones","status":"publish","type":"post","link":"https:\/\/www.elpolitologoyelpolitico.com.ar\/wordpress\/2023\/10\/29\/inolvidable-celebracion-de-la-noche-de-los-museos-patagones\/","title":{"rendered":"Inolvidable celebraci\u00f3n de la Noche de los Museos Patagones"},"content":{"rendered":"\n<p>Este viernes, Patagones fue el escenario de una velada verdaderamente inolvidable durante la celebraci\u00f3n de la Noche de los Museos.<\/p>\n\n\n\n<p>El evento cultural atrajo a un numeroso grupo de espectadores locales y turistas de diferentes puntos del pa\u00eds.<\/p>\n\n\n\n<p>La velada incluy\u00f3 un recorrido peatonal guiado para descubrir los tesoros culturales que albergan los sitios hist\u00f3ricos y los museos de Carmen de Patagones.<\/p>\n\n\n\n<p>Adem\u00e1s, a la propuesta se sum\u00f3 la localidad de Stroeder, con un emocionante espect\u00e1culo en vivo y una feria de artesanos para enriquecer a\u00fan m\u00e1s la experiencia.<\/p>\n\n\n\n<p>Bah\u00eda San Blas tambi\u00e9n fue participe con la apertura de la Biblioteca Popular Alfonsina Storni y el Museo \u00abSusana Castelnuovo\u00bb.<\/p>\n\n\n\n<figure class=\"wp-block-image size-large\"><img fetchpriority=\"high\" decoding=\"async\" width=\"768\" height=\"1024\" src=\"https:\/\/www.elpolitologoyelpolitico.com.ar\/wp-content\/uploads\/2023\/10\/WhatsApp-Image-2023-10-29-at-12.32.41-768x1024.jpeg\" alt=\"\" class=\"wp-image-35673\" srcset=\"https:\/\/www.elpolitologoyelpolitico.com.ar\/wp-content\/uploads\/2023\/10\/WhatsApp-Image-2023-10-29-at-12.32.41-768x1024.jpeg 768w, https:\/\/www.elpolitologoyelpolitico.com.ar\/wp-content\/uploads\/2023\/10\/WhatsApp-Image-2023-10-29-at-12.32.41-225x300.jpeg 225w, https:\/\/www.elpolitologoyelpolitico.com.ar\/wp-content\/uploads\/2023\/10\/WhatsApp-Image-2023-10-29-at-12.32.41-1152x1536.jpeg 1152w, https:\/\/www.elpolitologoyelpolitico.com.ar\/wp-content\/uploads\/2023\/10\/WhatsApp-Image-2023-10-29-at-12.32.41.jpeg 1200w\" sizes=\"(max-width: 768px) 100vw, 768px\" \/><\/figure>\n\n\n\n<figure class=\"wp-block-image size-large\"><img decoding=\"async\" width=\"1024\" height=\"771\" src=\"https:\/\/www.elpolitologoyelpolitico.com.ar\/wp-content\/uploads\/2023\/10\/WhatsApp-Image-2023-10-28-at-13.22.55-1024x771.jpeg\" alt=\"\" class=\"wp-image-35674\" srcset=\"https:\/\/www.elpolitologoyelpolitico.com.ar\/wp-content\/uploads\/2023\/10\/WhatsApp-Image-2023-10-28-at-13.22.55-1024x771.jpeg 1024w, https:\/\/www.elpolitologoyelpolitico.com.ar\/wp-content\/uploads\/2023\/10\/WhatsApp-Image-2023-10-28-at-13.22.55-300x226.jpeg 300w, https:\/\/www.elpolitologoyelpolitico.com.ar\/wp-content\/uploads\/2023\/10\/WhatsApp-Image-2023-10-28-at-13.22.55-768x578.jpeg 768w, https:\/\/www.elpolitologoyelpolitico.com.ar\/wp-content\/uploads\/2023\/10\/WhatsApp-Image-2023-10-28-at-13.22.55-1536x1157.jpeg 1536w, https:\/\/www.elpolitologoyelpolitico.com.ar\/wp-content\/uploads\/2023\/10\/WhatsApp-Image-2023-10-28-at-13.22.55-2048x1542.jpeg 2048w\" sizes=\"(max-width: 1024px) 100vw, 1024px\" \/><\/figure>\n<div class=\"fb-background-color\">\n\t\t\t  <div \n\t\t\t  \tclass = \"fb-comments\" \n\t\t\t  \tdata-href = \"https:\/\/www.elpolitologoyelpolitico.com.ar\/wordpress\/2023\/10\/29\/inolvidable-celebracion-de-la-noche-de-los-museos-patagones\/\"\n\t\t\t  \tdata-numposts = \"10\"\n\t\t\t  \tdata-lazy = \"true\"\n\t\t\t\tdata-colorscheme = \"light\"\n\t\t\t\tdata-order-by = \"social\"\n\t\t\t\tdata-mobile=true>\n\t\t\t  <\/div><\/div>\n\t\t  <style>\n\t\t    .fb-background-color {\n\t\t\t\tbackground: #ffffff !important;\n\t\t\t}\n\t\t\t.fb_iframe_widget_fluid_desktop iframe {\n\t\t\t    width: 100% !important;\n\t\t\t}\n\t\t  <\/style>\n\t\t  ","protected":false},"excerpt":{"rendered":"<p>Este viernes, Patagones fue el escenario de una velada verdaderamente inolvidable durante la celebraci\u00f3n de la Noche de los Museos. El evento cultural atrajo a un numeroso grupo de espectadores locales y turistas de diferentes puntos del pa\u00eds. La velada incluy\u00f3 un recorrido peatonal guiado para descubrir los tesoros culturales que albergan los sitios hist\u00f3ricos [&hellip;]<\/p>\n","protected":false},"author":4,"featured_media":35672,"comment_status":"closed","ping_status":"closed","sticky":false,"template":"","format":"standard","meta":{"_joinchat":[],"footnotes":""},"categories":[39],"tags":[],"class_list":["post-35671","post","type-post","status-publish","format-standard","has-post-thumbnail","hentry","category-en-esta-seccion"],"_links":{"self":[{"href":"https:\/\/www.elpolitologoyelpolitico.com.ar\/wordpress\/wp-json\/wp\/v2\/posts\/35671","targetHints":{"allow":["GET"]}}],"collection":[{"href":"https:\/\/www.elpolitologoyelpolitico.com.ar\/wordpress\/wp-json\/wp\/v2\/posts"}],"about":[{"href":"https:\/\/www.elpolitologoyelpolitico.com.ar\/wordpress\/wp-json\/wp\/v2\/types\/post"}],"author":[{"embeddable":true,"href":"https:\/\/www.elpolitologoyelpolitico.com.ar\/wordpress\/wp-json\/wp\/v2\/users\/4"}],"replies":[{"embeddable":true,"href":"https:\/\/www.elpolitologoyelpolitico.com.ar\/wordpress\/wp-json\/wp\/v2\/comments?post=35671"}],"version-history":[{"count":1,"href":"https:\/\/www.elpolitologoyelpolitico.com.ar\/wordpress\/wp-json\/wp\/v2\/posts\/35671\/revisions"}],"predecessor-version":[{"id":35675,"href":"https:\/\/www.elpolitologoyelpolitico.com.ar\/wordpress\/wp-json\/wp\/v2\/posts\/35671\/revisions\/35675"}],"wp:featuredmedia":[{"embeddable":true,"href":"https:\/\/www.elpolitologoyelpolitico.com.ar\/wordpress\/wp-json\/wp\/v2\/media\/35672"}],"wp:attachment":[{"href":"https:\/\/www.elpolitologoyelpolitico.com.ar\/wordpress\/wp-json\/wp\/v2\/media?parent=35671"}],"wp:term":[{"taxonomy":"category","embeddable":true,"href":"https:\/\/www.elpolitologoyelpolitico.com.ar\/wordpress\/wp-json\/wp\/v2\/categories?post=35671"},{"taxonomy":"post_tag","embeddable":true,"href":"https:\/\/www.elpolitologoyelpolitico.com.ar\/wordpress\/wp-json\/wp\/v2\/tags?post=35671"}],"curies":[{"name":"wp","href":"https:\/\/api.w.org\/{rel}","templated":true}]}}