{"id":35664,"date":"2023-10-27T16:18:44","date_gmt":"2023-10-27T19:18:44","guid":{"rendered":"https:\/\/www.elpolitologoyelpolitico.com.ar\/wordpress\/?p=35664"},"modified":"2023-10-27T16:18:44","modified_gmt":"2023-10-27T19:18:44","slug":"octubre-cierra-con-muestras-musica-cine-y-actividades-en-museos","status":"publish","type":"post","link":"https:\/\/www.elpolitologoyelpolitico.com.ar\/wordpress\/2023\/10\/27\/octubre-cierra-con-muestras-musica-cine-y-actividades-en-museos\/","title":{"rendered":"Octubre cierra con muestras, m\u00fasica, cine y actividades en museos"},"content":{"rendered":"\n<p>La agenda de la Secretar\u00eda de Estado de Cultura incluye esta semana diversas propuestas en el marco de la Noche de los Museos, conciertos de la Filarm\u00f3nica de R\u00edo Negro y una muestra de cine regional por los 50 a\u00f1os de capitalidad de Viedma.<\/p>\n\n\n\n<p>Agenda Cultural 27 de octubre al 3 de noviembre<\/p>\n\n\n\n<p>Viedma<\/p>\n\n\n\n<p>-Viernes 27<\/p>\n\n\n\n<p>19 hs &#8211; 50 a\u00f1os de la capitalidad de Viedma | Muestra de cine regional: \u201cUn buen cielo\u201d (10 min) y \u201cViedma, la capital que no fue\u201d (78 min).<\/p>\n\n\n\n<p>Microcine de la Legislatura de R\u00edo Negro (San Mart\u00edn 118, tercer piso, ala derecha).<\/p>\n\n\n\n<p>Entrada libre y gratuita.<\/p>\n\n\n\n<p>-Viernes 27<\/p>\n\n\n\n<p>18 a 23 hs &#8211; Noche de los Museos | Muestras y visitas guiadas.<\/p>\n\n\n\n<p>&nbsp;Museo Jos\u00e9 Eugenio Tello | Museo Salesiano \u201cCardenal Cagliero\u201d | Museo Gardeliano \u201cLisandro Segovia\u201d | Museo Tecnol\u00f3gico del Agua y del Suelo \u00abOsvaldo Casamiquela\u00bb | Legislatura de Rio Negro | Casa de Gobierno | Residencia de los Gobernadores | Biblioteca Mitre | Ex Capilla Maria Auxiliadora |&nbsp; Asociaci\u00f3n Amigos de lo Nuestro.<\/p>\n\n\n\n<p>-Viernes 27 y s\u00e1bado 28<\/p>\n\n\n\n<p>20 hs &#8211; Concierto de la Filarm\u00f3nica de R\u00edo Negro.<\/p>\n\n\n\n<p>Charla pre-concierto: 19:20 hs.<\/p>\n\n\n\n<p>Centro Municipal de Cultura (Gallardo 550).<\/p>\n\n\n\n<p>Entrada libre y gratuita.<\/p>\n\n\n\n<p>-Viernes 27 y viernes 3<\/p>\n\n\n\n<p>11:00 hs &#8211; Taller gratuito de fanzine<\/p>\n\n\n\n<p>Librer\u00eda Don Quijote (Buenos Aires 483). Organiza: Residencia Interdisciplinaria de Salud Mental Comunitaria.<\/p>\n\n\n\n<p>-Jueves 2 al domingo 5<\/p>\n\n\n\n<p>II Festival de lo Urgente \u201cTeatro, pol\u00edtica y democracia\u201d.<\/p>\n\n\n\n<p>Sala Teatro El Tubo (Belgrano 747).<\/p>\n\n\n\n<p>-Jueves 2 al domingo 5<\/p>\n\n\n\n<p>Seminario \u201cEn la encrucijada del tiempo: Cuerpos, Espacios y Escenas para las democracias\u201d, el marco del Festival de lo Urgente.<\/p>\n\n\n\n<p>Consultas a&nbsp;dosriosteatro@gmail.com<\/p>\n\n\n\n<p>-Lunes a viernes<\/p>\n\n\n\n<p>9 a 18 hs &#8211; Muestra \u201cHistorias tejidas en telar\u201d<\/p>\n\n\n\n<p>Museo Jos\u00e9 Eugenio Tello (San Mart\u00edn 360).<\/p>\n\n\n\n<p>Entrada libre y gratuita.<\/p>\n\n\n\n<p>-Lunes a viernes<\/p>\n\n\n\n<p>9 a 18 hs &#8211;&nbsp; Muestra fotogr\u00e1fica \u201cRompecabezas\u201d de Macarena Batalla.<\/p>\n\n\n\n<p>Museo Jos\u00e9 Eugenio Tello (San Mart\u00edn 360).<\/p>\n\n\n\n<p>Entrada libre y gratuita.<\/p>\n\n\n\n<p>Cipolletti<\/p>\n\n\n\n<p>-Viernes 27<\/p>\n\n\n\n<p>21 hs &#8211; Ciclo de pe\u00f1as folkl\u00f3ricas<\/p>\n\n\n\n<p>Circulo Italiano (Hip\u00f3lito Yrigoyen 777).<\/p>\n\n\n\n<p>Lamarque<\/p>\n\n\n\n<p>17 hs &#8211; VII Festival Internacional de la Torta Frita | Concursos, paseo gastron\u00f3mico, artesan\u00edas y masterclass con Elba Rodr\u00edguez.<\/p>\n\n\n\n<p>Plaza Santa Genoveva.<\/p>\n\n\n\n<p>Fern\u00e1ndez Oro<\/p>\n\n\n\n<p>10 a 16 hs &#8211; Exposici\u00f3n de juguetes de los pueblos del mundo.<\/p>\n\n\n\n<p>Biblioteca Popular Amigos del Libro (Lavin 250).<\/p>\n\n\n\n<p>Entrada libre y gratuita.<\/p>\n\n\n\n<p>General Roca<\/p>\n\n\n\n<p>-S\u00e1bado 28<\/p>\n\n\n\n<p>19:30 hs &#8211; Una noche en el museo de terror.<\/p>\n\n\n\n<p>Museo Patag\u00f3nico de Ciencias Naturales (Av. Gral. Julio Argentino Roca 1250).<\/p>\n\n\n\n<p>Reserva de entradas con anticipaci\u00f3n en el Museo.<\/p>\n\n\n\n<p>R\u00edo Colorado<\/p>\n\n\n\n<p>-Hasta el 1\u00ba de noviembre<\/p>\n\n\n\n<p>8 a 12 hs y de 14 a 20 hs<\/p>\n\n\n\n<p>Muestra fotogr\u00e1fica \u201cLos festejos del Mundial\u201d de Vanesa Schwemmler.<\/p>\n\n\n\n<p>Centro Cultural R\u00edo Colorado (Belgrano e Yrigoyen).<\/p>\n\n\n\n<p>El Bols\u00f3n<\/p>\n\n\n\n<p>Muestra del Poncho Rionegrino<\/p>\n\n\n\n<p>Visitas: lunes a viernes de 8 a 20 hs. S\u00e1bados de 8 a 17 hs. Domingos de 8 a 14 hs.<\/p>\n\n\n\n<p>Centro de Informes Tur\u00edsticos (San Mart\u00edn y Roca).<\/p>\n<div class=\"fb-background-color\">\n\t\t\t  <div \n\t\t\t  \tclass = \"fb-comments\" \n\t\t\t  \tdata-href = \"https:\/\/www.elpolitologoyelpolitico.com.ar\/wordpress\/2023\/10\/27\/octubre-cierra-con-muestras-musica-cine-y-actividades-en-museos\/\"\n\t\t\t  \tdata-numposts = \"10\"\n\t\t\t  \tdata-lazy = \"true\"\n\t\t\t\tdata-colorscheme = \"light\"\n\t\t\t\tdata-order-by = \"social\"\n\t\t\t\tdata-mobile=true>\n\t\t\t  <\/div><\/div>\n\t\t  <style>\n\t\t    .fb-background-color {\n\t\t\t\tbackground: #ffffff !important;\n\t\t\t}\n\t\t\t.fb_iframe_widget_fluid_desktop iframe {\n\t\t\t    width: 100% !important;\n\t\t\t}\n\t\t  <\/style>\n\t\t  ","protected":false},"excerpt":{"rendered":"<p>La agenda de la Secretar\u00eda de Estado de Cultura incluye esta semana diversas propuestas en el marco de la Noche de los Museos, conciertos de la Filarm\u00f3nica de R\u00edo Negro y una muestra de cine regional por los 50 a\u00f1os de capitalidad de Viedma. Agenda Cultural 27 de octubre al 3 de noviembre Viedma -Viernes [&hellip;]<\/p>\n","protected":false},"author":4,"featured_media":35665,"comment_status":"closed","ping_status":"closed","sticky":false,"template":"","format":"standard","meta":{"_joinchat":[],"footnotes":""},"categories":[4],"tags":[],"class_list":["post-35664","post","type-post","status-publish","format-standard","has-post-thumbnail","hentry","category-politicas-publicas"],"_links":{"self":[{"href":"https:\/\/www.elpolitologoyelpolitico.com.ar\/wordpress\/wp-json\/wp\/v2\/posts\/35664","targetHints":{"allow":["GET"]}}],"collection":[{"href":"https:\/\/www.elpolitologoyelpolitico.com.ar\/wordpress\/wp-json\/wp\/v2\/posts"}],"about":[{"href":"https:\/\/www.elpolitologoyelpolitico.com.ar\/wordpress\/wp-json\/wp\/v2\/types\/post"}],"author":[{"embeddable":true,"href":"https:\/\/www.elpolitologoyelpolitico.com.ar\/wordpress\/wp-json\/wp\/v2\/users\/4"}],"replies":[{"embeddable":true,"href":"https:\/\/www.elpolitologoyelpolitico.com.ar\/wordpress\/wp-json\/wp\/v2\/comments?post=35664"}],"version-history":[{"count":1,"href":"https:\/\/www.elpolitologoyelpolitico.com.ar\/wordpress\/wp-json\/wp\/v2\/posts\/35664\/revisions"}],"predecessor-version":[{"id":35666,"href":"https:\/\/www.elpolitologoyelpolitico.com.ar\/wordpress\/wp-json\/wp\/v2\/posts\/35664\/revisions\/35666"}],"wp:featuredmedia":[{"embeddable":true,"href":"https:\/\/www.elpolitologoyelpolitico.com.ar\/wordpress\/wp-json\/wp\/v2\/media\/35665"}],"wp:attachment":[{"href":"https:\/\/www.elpolitologoyelpolitico.com.ar\/wordpress\/wp-json\/wp\/v2\/media?parent=35664"}],"wp:term":[{"taxonomy":"category","embeddable":true,"href":"https:\/\/www.elpolitologoyelpolitico.com.ar\/wordpress\/wp-json\/wp\/v2\/categories?post=35664"},{"taxonomy":"post_tag","embeddable":true,"href":"https:\/\/www.elpolitologoyelpolitico.com.ar\/wordpress\/wp-json\/wp\/v2\/tags?post=35664"}],"curies":[{"name":"wp","href":"https:\/\/api.w.org\/{rel}","templated":true}]}}