{"id":35661,"date":"2023-10-27T16:08:17","date_gmt":"2023-10-27T19:08:17","guid":{"rendered":"https:\/\/www.elpolitologoyelpolitico.com.ar\/wordpress\/?p=35661"},"modified":"2023-10-27T16:08:18","modified_gmt":"2023-10-27T19:08:18","slug":"promueven-el-fortalecimiento-institucional-del-centro-de-jubilados-de-viedma","status":"publish","type":"post","link":"https:\/\/www.elpolitologoyelpolitico.com.ar\/wordpress\/2023\/10\/27\/promueven-el-fortalecimiento-institucional-del-centro-de-jubilados-de-viedma\/","title":{"rendered":"Promueven el fortalecimiento Institucional del Centro de Jubilados de Viedma"},"content":{"rendered":"\n<p>El gobierno de Viedma gestion\u00f3 aportes econ\u00f3micos para el Centro de Jubilados de nuestra ciudad con el objetivo de fortalecer esta instituci\u00f3n de suma importancia en nuestra comunidad.<\/p>\n\n\n\n<p>La gesti\u00f3n se realiz\u00f3 ante la direcci\u00f3n Nacional de Pol\u00edticas para Adultos Mayores, que prev\u00e9 acompa\u00f1amiento econ\u00f3mico para la compra de equipamientos y para complementar el funcionamiento administrativo y prestaciones de las instituciones beneficiarias.<\/p>\n\n\n\n<p>Este tipo de pol\u00edticas p\u00fablicas con aportes federales del gobierno nacional, a trav\u00e9s del ministerio de Desarrollo Social, promueven el crecimiento y fortalecimiento de diversos espacios de contenci\u00f3n e inclusi\u00f3n.<\/p>\n\n\n\n<p>De esta manera, se potencia y estimula el trabajo de una instituci\u00f3n se\u00f1era en el acompa\u00f1amiento a personas adultas mayores.<\/p>\n<div class=\"fb-background-color\">\n\t\t\t  <div \n\t\t\t  \tclass = \"fb-comments\" \n\t\t\t  \tdata-href = \"https:\/\/www.elpolitologoyelpolitico.com.ar\/wordpress\/2023\/10\/27\/promueven-el-fortalecimiento-institucional-del-centro-de-jubilados-de-viedma\/\"\n\t\t\t  \tdata-numposts = \"10\"\n\t\t\t  \tdata-lazy = \"true\"\n\t\t\t\tdata-colorscheme = \"light\"\n\t\t\t\tdata-order-by = \"social\"\n\t\t\t\tdata-mobile=true>\n\t\t\t  <\/div><\/div>\n\t\t  <style>\n\t\t    .fb-background-color {\n\t\t\t\tbackground: #ffffff !important;\n\t\t\t}\n\t\t\t.fb_iframe_widget_fluid_desktop iframe {\n\t\t\t    width: 100% !important;\n\t\t\t}\n\t\t  <\/style>\n\t\t  ","protected":false},"excerpt":{"rendered":"<p>El gobierno de Viedma gestion\u00f3 aportes econ\u00f3micos para el Centro de Jubilados de nuestra ciudad con el objetivo de fortalecer esta instituci\u00f3n de suma importancia en nuestra comunidad. La gesti\u00f3n se realiz\u00f3 ante la direcci\u00f3n Nacional de Pol\u00edticas para Adultos Mayores, que prev\u00e9 acompa\u00f1amiento econ\u00f3mico para la compra de equipamientos y para complementar el funcionamiento [&hellip;]<\/p>\n","protected":false},"author":4,"featured_media":35662,"comment_status":"closed","ping_status":"closed","sticky":false,"template":"","format":"standard","meta":{"_joinchat":[],"footnotes":""},"categories":[4],"tags":[],"class_list":["post-35661","post","type-post","status-publish","format-standard","has-post-thumbnail","hentry","category-politicas-publicas"],"_links":{"self":[{"href":"https:\/\/www.elpolitologoyelpolitico.com.ar\/wordpress\/wp-json\/wp\/v2\/posts\/35661","targetHints":{"allow":["GET"]}}],"collection":[{"href":"https:\/\/www.elpolitologoyelpolitico.com.ar\/wordpress\/wp-json\/wp\/v2\/posts"}],"about":[{"href":"https:\/\/www.elpolitologoyelpolitico.com.ar\/wordpress\/wp-json\/wp\/v2\/types\/post"}],"author":[{"embeddable":true,"href":"https:\/\/www.elpolitologoyelpolitico.com.ar\/wordpress\/wp-json\/wp\/v2\/users\/4"}],"replies":[{"embeddable":true,"href":"https:\/\/www.elpolitologoyelpolitico.com.ar\/wordpress\/wp-json\/wp\/v2\/comments?post=35661"}],"version-history":[{"count":1,"href":"https:\/\/www.elpolitologoyelpolitico.com.ar\/wordpress\/wp-json\/wp\/v2\/posts\/35661\/revisions"}],"predecessor-version":[{"id":35663,"href":"https:\/\/www.elpolitologoyelpolitico.com.ar\/wordpress\/wp-json\/wp\/v2\/posts\/35661\/revisions\/35663"}],"wp:featuredmedia":[{"embeddable":true,"href":"https:\/\/www.elpolitologoyelpolitico.com.ar\/wordpress\/wp-json\/wp\/v2\/media\/35662"}],"wp:attachment":[{"href":"https:\/\/www.elpolitologoyelpolitico.com.ar\/wordpress\/wp-json\/wp\/v2\/media?parent=35661"}],"wp:term":[{"taxonomy":"category","embeddable":true,"href":"https:\/\/www.elpolitologoyelpolitico.com.ar\/wordpress\/wp-json\/wp\/v2\/categories?post=35661"},{"taxonomy":"post_tag","embeddable":true,"href":"https:\/\/www.elpolitologoyelpolitico.com.ar\/wordpress\/wp-json\/wp\/v2\/tags?post=35661"}],"curies":[{"name":"wp","href":"https:\/\/api.w.org\/{rel}","templated":true}]}}