{"id":35657,"date":"2023-10-27T15:58:23","date_gmt":"2023-10-27T18:58:23","guid":{"rendered":"https:\/\/www.elpolitologoyelpolitico.com.ar\/wordpress\/?p=35657"},"modified":"2023-10-27T15:58:24","modified_gmt":"2023-10-27T18:58:24","slug":"continuan-las-tareas-de-mantenimiento-en-el-camino-a-bahia-san-blas","status":"publish","type":"post","link":"https:\/\/www.elpolitologoyelpolitico.com.ar\/wordpress\/2023\/10\/27\/continuan-las-tareas-de-mantenimiento-en-el-camino-a-bahia-san-blas\/","title":{"rendered":"Contin\u00faan las tareas de mantenimiento en el camino a Bah\u00eda San Blas"},"content":{"rendered":"\n<p>Con maquinaria municipal, se contin\u00faa con el mantenimiento del camino de acceso a la localidad de Bah\u00eda San Blas.<\/p>\n\n\n\n<p>Al respecto, el delegado municipal, Marcelo Molteni, indic\u00f3 que el objetivo de los trabajos es \u201cgarantizar la transitabilidad\u201d.<\/p>\n\n\n\n<p>Asimismo, afirm\u00f3 que \u201cel camino est\u00e1 en buenas condiciones desde el kil\u00f3metro 918 a Casas y de Casas a Bah\u00eda San Blas, producto del repaso que se hace siempre, el cual se reforz\u00f3 teniendo en cuenta los festejos del aniversario\u201d.<\/p>\n\n\n\n<figure class=\"wp-block-image size-full\"><img fetchpriority=\"high\" decoding=\"async\" width=\"610\" height=\"390\" src=\"https:\/\/www.elpolitologoyelpolitico.com.ar\/wp-content\/uploads\/2023\/10\/IMG-20231027-WA0037.jpg\" alt=\"\" class=\"wp-image-35659\" srcset=\"https:\/\/www.elpolitologoyelpolitico.com.ar\/wp-content\/uploads\/2023\/10\/IMG-20231027-WA0037.jpg 610w, https:\/\/www.elpolitologoyelpolitico.com.ar\/wp-content\/uploads\/2023\/10\/IMG-20231027-WA0037-300x192.jpg 300w\" sizes=\"(max-width: 610px) 100vw, 610px\" \/><\/figure>\n<div class=\"fb-background-color\">\n\t\t\t  <div \n\t\t\t  \tclass = \"fb-comments\" \n\t\t\t  \tdata-href = \"https:\/\/www.elpolitologoyelpolitico.com.ar\/wordpress\/2023\/10\/27\/continuan-las-tareas-de-mantenimiento-en-el-camino-a-bahia-san-blas\/\"\n\t\t\t  \tdata-numposts = \"10\"\n\t\t\t  \tdata-lazy = \"true\"\n\t\t\t\tdata-colorscheme = \"light\"\n\t\t\t\tdata-order-by = \"social\"\n\t\t\t\tdata-mobile=true>\n\t\t\t  <\/div><\/div>\n\t\t  <style>\n\t\t    .fb-background-color {\n\t\t\t\tbackground: #ffffff !important;\n\t\t\t}\n\t\t\t.fb_iframe_widget_fluid_desktop iframe {\n\t\t\t    width: 100% !important;\n\t\t\t}\n\t\t  <\/style>\n\t\t  ","protected":false},"excerpt":{"rendered":"<p>Con maquinaria municipal, se contin\u00faa con el mantenimiento del camino de acceso a la localidad de Bah\u00eda San Blas. Al respecto, el delegado municipal, Marcelo Molteni, indic\u00f3 que el objetivo de los trabajos es \u201cgarantizar la transitabilidad\u201d. Asimismo, afirm\u00f3 que \u201cel camino est\u00e1 en buenas condiciones desde el kil\u00f3metro 918 a Casas y de Casas [&hellip;]<\/p>\n","protected":false},"author":4,"featured_media":35658,"comment_status":"closed","ping_status":"closed","sticky":false,"template":"","format":"standard","meta":{"_joinchat":[],"footnotes":""},"categories":[4],"tags":[],"class_list":["post-35657","post","type-post","status-publish","format-standard","has-post-thumbnail","hentry","category-politicas-publicas"],"_links":{"self":[{"href":"https:\/\/www.elpolitologoyelpolitico.com.ar\/wordpress\/wp-json\/wp\/v2\/posts\/35657","targetHints":{"allow":["GET"]}}],"collection":[{"href":"https:\/\/www.elpolitologoyelpolitico.com.ar\/wordpress\/wp-json\/wp\/v2\/posts"}],"about":[{"href":"https:\/\/www.elpolitologoyelpolitico.com.ar\/wordpress\/wp-json\/wp\/v2\/types\/post"}],"author":[{"embeddable":true,"href":"https:\/\/www.elpolitologoyelpolitico.com.ar\/wordpress\/wp-json\/wp\/v2\/users\/4"}],"replies":[{"embeddable":true,"href":"https:\/\/www.elpolitologoyelpolitico.com.ar\/wordpress\/wp-json\/wp\/v2\/comments?post=35657"}],"version-history":[{"count":1,"href":"https:\/\/www.elpolitologoyelpolitico.com.ar\/wordpress\/wp-json\/wp\/v2\/posts\/35657\/revisions"}],"predecessor-version":[{"id":35660,"href":"https:\/\/www.elpolitologoyelpolitico.com.ar\/wordpress\/wp-json\/wp\/v2\/posts\/35657\/revisions\/35660"}],"wp:featuredmedia":[{"embeddable":true,"href":"https:\/\/www.elpolitologoyelpolitico.com.ar\/wordpress\/wp-json\/wp\/v2\/media\/35658"}],"wp:attachment":[{"href":"https:\/\/www.elpolitologoyelpolitico.com.ar\/wordpress\/wp-json\/wp\/v2\/media?parent=35657"}],"wp:term":[{"taxonomy":"category","embeddable":true,"href":"https:\/\/www.elpolitologoyelpolitico.com.ar\/wordpress\/wp-json\/wp\/v2\/categories?post=35657"},{"taxonomy":"post_tag","embeddable":true,"href":"https:\/\/www.elpolitologoyelpolitico.com.ar\/wordpress\/wp-json\/wp\/v2\/tags?post=35657"}],"curies":[{"name":"wp","href":"https:\/\/api.w.org\/{rel}","templated":true}]}}