{"id":35650,"date":"2023-10-27T15:27:26","date_gmt":"2023-10-27T18:27:26","guid":{"rendered":"https:\/\/www.elpolitologoyelpolitico.com.ar\/wordpress\/?p=35650"},"modified":"2023-10-27T15:27:27","modified_gmt":"2023-10-27T18:27:27","slug":"la-gobernadora-arabela-carreras-respalda-la-candidatura-de-sergio-massa-en-el-balotaje","status":"publish","type":"post","link":"https:\/\/www.elpolitologoyelpolitico.com.ar\/wordpress\/2023\/10\/27\/la-gobernadora-arabela-carreras-respalda-la-candidatura-de-sergio-massa-en-el-balotaje\/","title":{"rendered":"La Gobernadora Arabela Carreras respalda la candidatura de Sergio Massa en el balotaje"},"content":{"rendered":"\n<p>La Gobernadora Arabela Carreras particip\u00f3 del encuentro convocado por el Ministro de Econom\u00eda de la Naci\u00f3n, Sergio Massa, oportunidad en la que adhiri\u00f3 al documento de apoyo a su candidatura para la segunda vuelta electoral del 19 de noviembre.<\/p>\n\n\n\n<p>El encuentro se desarroll\u00f3 en Buenos Aires y participaron las y los gobernadores de otras 18 provincias del pa\u00eds, quienes manifestaron su apoyo en el balotaje al candidato ganador de la primera vuelta presidencial.<\/p>\n\n\n\n<p>*<em>El documento indica lo siguiente<\/em><\/p>\n\n\n\n<ul class=\"wp-block-list\">\n<li><br>Los gobernadores de distintos espacios pol\u00edticos que hoy nos hemos reunido manifestamos nuestro pleno respaldo a Sergio Massa en la segunda vuelta electoral.<\/li>\n<\/ul>\n\n\n\n<p>La Rep\u00fablica Argentina enfrenta desaf\u00edos de magnitud que s\u00f3lo pueden ser resueltos por un l\u00edder pol\u00edtico con experiencia, capacidad y convicci\u00f3n para afrontar las dificultades. Un l\u00edder que sume, que una y construya.<\/p>\n\n\n\n<p>Sergio Massa ha manifestado la voluntad pol\u00edtica de terminar con la grieta que nos divide impulsando un gobierno de unidad nacional, un gobierno federal tambi\u00e9n, convocando a todos los argentinos y argentinas de buena voluntad.<\/p>\n\n\n\n<p>Nosotros, los gobernadores y gobernadoras acompa\u00f1amos esta convocatoria para promover la uni\u00f3n nacional, afianzar la justicia, promover la educaci\u00f3n, garantizar la seguridad y garantizar el bienestar general.<\/p>\n\n\n\n<p>La Argentina que viene nos necesita a todos y todas unidos, solidarios, garantizando derechos, defendiendo nuestra soberan\u00eda, pero al mismo tiempo promoviendo la justicia social.<\/p>\n\n\n\n<p>Estamos convencidos de que Sergio Massa es el Presidente que necesitamos para lograr estabilidad macroecon\u00f3mica, crecimiento y desarrollo de nuestra econom\u00eda con m\u00e1s producci\u00f3n industrial y empleos de calidad para lograr mejores salarios y una justa distribuci\u00f3n de la riqueza.<\/p>\n\n\n\n<p>El 19 de noviembre pedimos el apoyo del pueblo argentino para construir el pa\u00eds que so\u00f1amos.<\/p>\n<div class=\"fb-background-color\">\n\t\t\t  <div \n\t\t\t  \tclass = \"fb-comments\" \n\t\t\t  \tdata-href = \"https:\/\/www.elpolitologoyelpolitico.com.ar\/wordpress\/2023\/10\/27\/la-gobernadora-arabela-carreras-respalda-la-candidatura-de-sergio-massa-en-el-balotaje\/\"\n\t\t\t  \tdata-numposts = \"10\"\n\t\t\t  \tdata-lazy = \"true\"\n\t\t\t\tdata-colorscheme = \"light\"\n\t\t\t\tdata-order-by = \"social\"\n\t\t\t\tdata-mobile=true>\n\t\t\t  <\/div><\/div>\n\t\t  <style>\n\t\t    .fb-background-color {\n\t\t\t\tbackground: #ffffff !important;\n\t\t\t}\n\t\t\t.fb_iframe_widget_fluid_desktop iframe {\n\t\t\t    width: 100% !important;\n\t\t\t}\n\t\t  <\/style>\n\t\t  ","protected":false},"excerpt":{"rendered":"<p>La Gobernadora Arabela Carreras particip\u00f3 del encuentro convocado por el Ministro de Econom\u00eda de la Naci\u00f3n, Sergio Massa, oportunidad en la que adhiri\u00f3 al documento de apoyo a su candidatura para la segunda vuelta electoral del 19 de noviembre. El encuentro se desarroll\u00f3 en Buenos Aires y participaron las y los gobernadores de otras 18 [&hellip;]<\/p>\n","protected":false},"author":4,"featured_media":35651,"comment_status":"closed","ping_status":"closed","sticky":false,"template":"","format":"standard","meta":{"_joinchat":[],"footnotes":""},"categories":[38],"tags":[],"class_list":["post-35650","post","type-post","status-publish","format-standard","has-post-thumbnail","hentry","category-elecciones"],"_links":{"self":[{"href":"https:\/\/www.elpolitologoyelpolitico.com.ar\/wordpress\/wp-json\/wp\/v2\/posts\/35650","targetHints":{"allow":["GET"]}}],"collection":[{"href":"https:\/\/www.elpolitologoyelpolitico.com.ar\/wordpress\/wp-json\/wp\/v2\/posts"}],"about":[{"href":"https:\/\/www.elpolitologoyelpolitico.com.ar\/wordpress\/wp-json\/wp\/v2\/types\/post"}],"author":[{"embeddable":true,"href":"https:\/\/www.elpolitologoyelpolitico.com.ar\/wordpress\/wp-json\/wp\/v2\/users\/4"}],"replies":[{"embeddable":true,"href":"https:\/\/www.elpolitologoyelpolitico.com.ar\/wordpress\/wp-json\/wp\/v2\/comments?post=35650"}],"version-history":[{"count":1,"href":"https:\/\/www.elpolitologoyelpolitico.com.ar\/wordpress\/wp-json\/wp\/v2\/posts\/35650\/revisions"}],"predecessor-version":[{"id":35652,"href":"https:\/\/www.elpolitologoyelpolitico.com.ar\/wordpress\/wp-json\/wp\/v2\/posts\/35650\/revisions\/35652"}],"wp:featuredmedia":[{"embeddable":true,"href":"https:\/\/www.elpolitologoyelpolitico.com.ar\/wordpress\/wp-json\/wp\/v2\/media\/35651"}],"wp:attachment":[{"href":"https:\/\/www.elpolitologoyelpolitico.com.ar\/wordpress\/wp-json\/wp\/v2\/media?parent=35650"}],"wp:term":[{"taxonomy":"category","embeddable":true,"href":"https:\/\/www.elpolitologoyelpolitico.com.ar\/wordpress\/wp-json\/wp\/v2\/categories?post=35650"},{"taxonomy":"post_tag","embeddable":true,"href":"https:\/\/www.elpolitologoyelpolitico.com.ar\/wordpress\/wp-json\/wp\/v2\/tags?post=35650"}],"curies":[{"name":"wp","href":"https:\/\/api.w.org\/{rel}","templated":true}]}}