{"id":35645,"date":"2023-10-27T15:21:42","date_gmt":"2023-10-27T18:21:42","guid":{"rendered":"https:\/\/www.elpolitologoyelpolitico.com.ar\/wordpress\/?p=35645"},"modified":"2023-10-27T15:21:44","modified_gmt":"2023-10-27T18:21:44","slug":"comienza-la-campana-de-fumigacion-en-viedma","status":"publish","type":"post","link":"https:\/\/www.elpolitologoyelpolitico.com.ar\/wordpress\/2023\/10\/27\/comienza-la-campana-de-fumigacion-en-viedma\/","title":{"rendered":"Comienza la campa\u00f1a de fumigaci\u00f3n en Viedma"},"content":{"rendered":"\n<p>El gobierno de Viedma est\u00e1 preparando la campa\u00f1a de control de plagas que comenzar\u00e1 en noviembre.<\/p>\n\n\n\n<p>Previamente, esta semana, se llevar\u00e1 a cabo un operativo de desratizaci\u00f3n en la costanera de Viedma.<\/p>\n\n\n\n<p>En principio se realizar\u00e1 una desinsectaci\u00f3n, que se extender\u00e1 a lo largo de noviembre, diciembre y enero, con la posibilidad de extenderse hasta febrero si es necesario.<\/p>\n\n\n\n<p>Seg\u00fan Gast\u00f3n Guti\u00e9rrez, secretario de Servicios, Espacio P\u00fablico y Ambiente, el proceso comenzar\u00e1 por los barrios perif\u00e9ricos de la ciudad y se extender\u00e1 a los bulevares, costanera, barreras forestales, drenajes y barrios del centro.<\/p>\n\n\n\n<p>El producto utilizado, la Cipermetrina, es efectivo tanto contra insectos rastreros como voladores y es seguro para humanos y animales dom\u00e9sticos cuando se aplica adecuadamente.<\/p>\n\n\n\n<p>La aplicaci\u00f3n se realiza mediante un tractor que arrastra una fumigadora que roc\u00eda el insecticida en forma de spray.<\/p>\n\n\n\n<p>Debido a factores clim\u00e1ticos como el viento y la lluvia, no se puede establecer un cronograma fijo, por lo que se comunicar\u00e1 semana a semana a trav\u00e9s de las redes sociales municipales y los medios de comunicaci\u00f3n locales qu\u00e9 sectores de la ciudad ser\u00e1n tratados. Se recomienda a los residentes preparar sus patios y exteriores antes de la fumigaci\u00f3n y mantener a sus mascotas alejadas de la maquinaria.<\/p>\n\n\n\n<p>Guti\u00e9rrez enfatiz\u00f3 que esta campa\u00f1a no es efectiva para prevenir el dengue y pidi\u00f3 a la poblaci\u00f3n evitar la acumulaci\u00f3n de agua en objetos al aire libre.<\/p>\n\n\n\n<p>Desratizaci\u00f3n<\/p>\n\n\n\n<p>Adem\u00e1s, en coordinaci\u00f3n con la subsecretar\u00eda de Administraci\u00f3n, se llevar\u00e1 a cabo un plan de desratizaci\u00f3n en \u00e1reas cercanas a locales bajo concesiones municipales, especialmente en el sector gastron\u00f3mico. Este plan se llevar\u00e1 a cabo mediante la colocaci\u00f3n de cebos-trampa con rodenticida en \u00e1rboles de la costanera, debidamente se\u00f1alizados.<\/p>\n\n\n\n<p>La campa\u00f1a de desratizaci\u00f3n se centrar\u00e1 en el \u00e1rea de la costanera entre los bulevares Ayacucho e Ituzaing\u00f3 y se realizar\u00e1 antes del verano, cuando comienzan los ciclos de reproducci\u00f3n de roedores.<\/p>\n\n\n\n<figure class=\"wp-block-gallery has-nested-images columns-default is-cropped wp-block-gallery-1 is-layout-flex wp-block-gallery-is-layout-flex\">\n<figure class=\"wp-block-image size-large\"><img fetchpriority=\"high\" decoding=\"async\" width=\"1024\" height=\"768\" data-id=\"35647\" src=\"https:\/\/www.elpolitologoyelpolitico.com.ar\/wp-content\/uploads\/2023\/10\/IMG-20231027-WA0032-1024x768.jpg\" alt=\"\" class=\"wp-image-35647\" srcset=\"https:\/\/www.elpolitologoyelpolitico.com.ar\/wp-content\/uploads\/2023\/10\/IMG-20231027-WA0032-1024x768.jpg 1024w, https:\/\/www.elpolitologoyelpolitico.com.ar\/wp-content\/uploads\/2023\/10\/IMG-20231027-WA0032-300x225.jpg 300w, https:\/\/www.elpolitologoyelpolitico.com.ar\/wp-content\/uploads\/2023\/10\/IMG-20231027-WA0032-768x576.jpg 768w, https:\/\/www.elpolitologoyelpolitico.com.ar\/wp-content\/uploads\/2023\/10\/IMG-20231027-WA0032.jpg 1080w\" sizes=\"(max-width: 1024px) 100vw, 1024px\" \/><\/figure>\n\n\n\n<figure class=\"wp-block-image size-large\"><img decoding=\"async\" width=\"1024\" height=\"622\" data-id=\"35648\" src=\"https:\/\/www.elpolitologoyelpolitico.com.ar\/wp-content\/uploads\/2023\/10\/IMG-20231027-WA0031-1024x622.jpg\" alt=\"\" class=\"wp-image-35648\" srcset=\"https:\/\/www.elpolitologoyelpolitico.com.ar\/wp-content\/uploads\/2023\/10\/IMG-20231027-WA0031-1024x622.jpg 1024w, https:\/\/www.elpolitologoyelpolitico.com.ar\/wp-content\/uploads\/2023\/10\/IMG-20231027-WA0031-300x182.jpg 300w, https:\/\/www.elpolitologoyelpolitico.com.ar\/wp-content\/uploads\/2023\/10\/IMG-20231027-WA0031-768x466.jpg 768w, https:\/\/www.elpolitologoyelpolitico.com.ar\/wp-content\/uploads\/2023\/10\/IMG-20231027-WA0031.jpg 1080w\" sizes=\"(max-width: 1024px) 100vw, 1024px\" \/><\/figure>\n<\/figure>\n<div class=\"fb-background-color\">\n\t\t\t  <div \n\t\t\t  \tclass = \"fb-comments\" \n\t\t\t  \tdata-href = \"https:\/\/www.elpolitologoyelpolitico.com.ar\/wordpress\/2023\/10\/27\/comienza-la-campana-de-fumigacion-en-viedma\/\"\n\t\t\t  \tdata-numposts = \"10\"\n\t\t\t  \tdata-lazy = \"true\"\n\t\t\t\tdata-colorscheme = \"light\"\n\t\t\t\tdata-order-by = \"social\"\n\t\t\t\tdata-mobile=true>\n\t\t\t  <\/div><\/div>\n\t\t  <style>\n\t\t    .fb-background-color {\n\t\t\t\tbackground: #ffffff !important;\n\t\t\t}\n\t\t\t.fb_iframe_widget_fluid_desktop iframe {\n\t\t\t    width: 100% !important;\n\t\t\t}\n\t\t  <\/style>\n\t\t  ","protected":false},"excerpt":{"rendered":"<p>El gobierno de Viedma est\u00e1 preparando la campa\u00f1a de control de plagas que comenzar\u00e1 en noviembre. Previamente, esta semana, se llevar\u00e1 a cabo un operativo de desratizaci\u00f3n en la costanera de Viedma. En principio se realizar\u00e1 una desinsectaci\u00f3n, que se extender\u00e1 a lo largo de noviembre, diciembre y enero, con la posibilidad de extenderse hasta [&hellip;]<\/p>\n","protected":false},"author":4,"featured_media":35646,"comment_status":"closed","ping_status":"closed","sticky":false,"template":"","format":"standard","meta":{"_joinchat":[],"footnotes":""},"categories":[4],"tags":[],"class_list":["post-35645","post","type-post","status-publish","format-standard","has-post-thumbnail","hentry","category-politicas-publicas"],"_links":{"self":[{"href":"https:\/\/www.elpolitologoyelpolitico.com.ar\/wordpress\/wp-json\/wp\/v2\/posts\/35645","targetHints":{"allow":["GET"]}}],"collection":[{"href":"https:\/\/www.elpolitologoyelpolitico.com.ar\/wordpress\/wp-json\/wp\/v2\/posts"}],"about":[{"href":"https:\/\/www.elpolitologoyelpolitico.com.ar\/wordpress\/wp-json\/wp\/v2\/types\/post"}],"author":[{"embeddable":true,"href":"https:\/\/www.elpolitologoyelpolitico.com.ar\/wordpress\/wp-json\/wp\/v2\/users\/4"}],"replies":[{"embeddable":true,"href":"https:\/\/www.elpolitologoyelpolitico.com.ar\/wordpress\/wp-json\/wp\/v2\/comments?post=35645"}],"version-history":[{"count":1,"href":"https:\/\/www.elpolitologoyelpolitico.com.ar\/wordpress\/wp-json\/wp\/v2\/posts\/35645\/revisions"}],"predecessor-version":[{"id":35649,"href":"https:\/\/www.elpolitologoyelpolitico.com.ar\/wordpress\/wp-json\/wp\/v2\/posts\/35645\/revisions\/35649"}],"wp:featuredmedia":[{"embeddable":true,"href":"https:\/\/www.elpolitologoyelpolitico.com.ar\/wordpress\/wp-json\/wp\/v2\/media\/35646"}],"wp:attachment":[{"href":"https:\/\/www.elpolitologoyelpolitico.com.ar\/wordpress\/wp-json\/wp\/v2\/media?parent=35645"}],"wp:term":[{"taxonomy":"category","embeddable":true,"href":"https:\/\/www.elpolitologoyelpolitico.com.ar\/wordpress\/wp-json\/wp\/v2\/categories?post=35645"},{"taxonomy":"post_tag","embeddable":true,"href":"https:\/\/www.elpolitologoyelpolitico.com.ar\/wordpress\/wp-json\/wp\/v2\/tags?post=35645"}],"curies":[{"name":"wp","href":"https:\/\/api.w.org\/{rel}","templated":true}]}}