{"id":3564,"date":"2021-05-29T00:01:29","date_gmt":"2021-05-29T00:01:29","guid":{"rendered":"https:\/\/www.elpolitologoyelpolitico.com.ar\/wordpress\/?p=3564"},"modified":"2021-05-29T00:01:49","modified_gmt":"2021-05-29T00:01:49","slug":"avanza-la-integracion-urbana-del-barrio-el-progreso","status":"publish","type":"post","link":"https:\/\/www.elpolitologoyelpolitico.com.ar\/wordpress\/2021\/05\/29\/avanza-la-integracion-urbana-del-barrio-el-progreso\/","title":{"rendered":"Avanza la integraci\u00f3n urbana del barrio El Progreso"},"content":{"rendered":"\t\t<div data-elementor-type=\"wp-post\" data-elementor-id=\"3564\" class=\"elementor elementor-3564\">\n\t\t\t\t\t\t<section class=\"elementor-section elementor-top-section elementor-element elementor-element-2123101b elementor-section-boxed elementor-section-height-default elementor-section-height-default\" data-id=\"2123101b\" data-element_type=\"section\" data-e-type=\"section\">\n\t\t\t\t\t\t<div class=\"elementor-container elementor-column-gap-default\">\n\t\t\t\t\t<div class=\"elementor-column elementor-col-100 elementor-top-column elementor-element elementor-element-31f05c7e\" data-id=\"31f05c7e\" data-element_type=\"column\" data-e-type=\"column\">\n\t\t\t<div class=\"elementor-widget-wrap elementor-element-populated\">\n\t\t\t\t\t\t<div class=\"elementor-element elementor-element-2f196fda elementor-widget elementor-widget-text-editor\" data-id=\"2f196fda\" data-element_type=\"widget\" data-e-type=\"widget\" data-widget_type=\"text-editor.default\">\n\t\t\t\t<div class=\"elementor-widget-container\">\n\t\t\t\t\t\t\t\t\t\n<p><strong>Con la apertura de ofertas para una nueva etapa de cord\u00f3n cuneta en El Progreso, continuar\u00e1n las obras de urbanizaci\u00f3n en este barrio.&nbsp;<\/strong><\/p>\n\n\n\n<p><strong>De esta forma, se completar\u00e1n las dos manzanas restantes, mientras avanzan las obras de la primera etapa que incluye cuatro manzanas.&nbsp;<\/strong><\/p>\n\n\n\n<p><strong>En esta oportunidad se ejecutar\u00e1n 577 metros lineales de cord\u00f3n cuneta y 112 metros cuadrados de badenes<\/strong><\/p>\n\n\n\n<p>El <strong>concurso de precios inclu\u00eda la convocatoria a cooperativas, en cumplimiento de los alcances normativos que estipula Naci\u00f3n.&nbsp;<\/strong><\/p>\n\n\n\n<p>La apertura fue seguida por el intendente Pedro Pesatti por plataforma virtual. Se realiz\u00f3 en la secretar\u00eda Desarrollo Territorial, H\u00e1bitat y Obras P\u00fablicas, con la presencia de su titular Gast\u00f3n Renda. Tambi\u00e9n de forma virtual acompa\u00f1aron el secretario de Desarrollo e Integraci\u00f3n Social de Viedma Mario S\u00e1nchez, y el referente nacional de la secretar\u00eda de Integraci\u00f3n Sociourbana Santiago Chudnovski.<\/p>\n\n\n\n<p>El intendente Pedro Pesatti destac\u00f3 el trabajo que se viene realizando \u00abcon la Naci\u00f3n junto a nuestros equipos t\u00e9cnicos, que hoy nos permite avanzar en una nueva etapa de integraci\u00f3n de este sector de la ciudad, llevando desarrollo y dignidad a vecinas y vecinos del barrio\u00bb.<\/p>\n\n\n\n<p>Al respecto Chudnovsky, referente nacional de la secretar\u00eda de Integraci\u00f3n Socio Urbana dijo \u201cesta obra es ejemplo del avance en materia de integraci\u00f3n que los barrios populares est\u00e1n teniendo en todo nuestro pa\u00eds. Esperamos seguir acompa\u00f1ando a los municipios en este proceso de transformaci\u00f3n socio urbana\u201d.<\/p>\n\n\n\n<p>Se presentaron dos ofertas.&nbsp; La primera de ellas, la cooperativa Kosic Limitada, cotiz\u00f3 los trabajos en la suma de 2 millones 927 13 pesos, mientras que la cooperativa limitada La Comarca hizo lo propio con una oferta de 3 millones 121 mil 788 pesos.<\/p>\n\n\n\n<p>Los trabajos se realizar\u00e1n con fondos federales, m\u00e1s espec\u00edficamente del \u00e1rea de Integraci\u00f3n Socio Urbana, que aporta el financiamiento para obras de servicios b\u00e1sicos, mejora y ampliaci\u00f3n del equipamiento social y de la infraestructura, tratamiento de los espacios p\u00fablicos, eliminaci\u00f3n de barreras urbanas y mejora en la accesibilidad, la conectividad y la mitigaci\u00f3n de riesgos ambientales.<\/p>\n\n\n\n<p>Gracias al trabajo mancomunado de las distintas \u00e1reas del gobierno municipal, se logr\u00f3 incluir para las primeras obras de urbanizaci\u00f3n del pa\u00eds, a este barrio popular, qu\u00e9 surgi\u00f3 como un asentamiento en el a\u00f1o 2012.<\/p>\n\n\n\n<p>La primera etapa presenta un considerable estado de avance. Consiste en la construcci\u00f3n de 1147 metros de cord\u00f3n cuneta y 3002 metros de badenes para cubrir cuatro manzanas.<\/p>\n\n\n\n<figure class=\"wp-block-gallery columns-2 is-cropped wp-block-gallery-2 is-layout-flex wp-block-gallery-is-layout-flex\"><ul class=\"blocks-gallery-grid\"><li class=\"blocks-gallery-item\"><figure><img fetchpriority=\"high\" decoding=\"async\" width=\"720\" height=\"540\" src=\"https:\/\/www.elpolitologoyelpolitico.com.ar\/wp-content\/uploads\/2021\/05\/WhatsApp-Image-2021-05-28-at-8.48.20-PM-1.jpeg\" alt=\"\" data-id=\"3566\" data-full-url=\"https:\/\/www.elpolitologoyelpolitico.com.ar\/wp-content\/uploads\/2021\/05\/WhatsApp-Image-2021-05-28-at-8.48.20-PM-1.jpeg\" data-link=\"https:\/\/www.elpolitologoyelpolitico.com.ar\/wordpress\/?attachment_id=3566\" class=\"wp-image-3566\" srcset=\"https:\/\/www.elpolitologoyelpolitico.com.ar\/wp-content\/uploads\/2021\/05\/WhatsApp-Image-2021-05-28-at-8.48.20-PM-1.jpeg 720w, https:\/\/www.elpolitologoyelpolitico.com.ar\/wp-content\/uploads\/2021\/05\/WhatsApp-Image-2021-05-28-at-8.48.20-PM-1-300x225.jpeg 300w\" sizes=\"(max-width: 720px) 100vw, 720px\" \/><\/figure><\/li><li class=\"blocks-gallery-item\"><figure><img decoding=\"async\" width=\"720\" height=\"540\" src=\"https:\/\/www.elpolitologoyelpolitico.com.ar\/wp-content\/uploads\/2021\/05\/WhatsApp-Image-2021-05-28-at-8.48.20-PM.jpeg\" alt=\"\" data-id=\"3567\" data-full-url=\"https:\/\/www.elpolitologoyelpolitico.com.ar\/wp-content\/uploads\/2021\/05\/WhatsApp-Image-2021-05-28-at-8.48.20-PM.jpeg\" data-link=\"https:\/\/www.elpolitologoyelpolitico.com.ar\/wordpress\/?attachment_id=3567\" class=\"wp-image-3567\" srcset=\"https:\/\/www.elpolitologoyelpolitico.com.ar\/wp-content\/uploads\/2021\/05\/WhatsApp-Image-2021-05-28-at-8.48.20-PM.jpeg 720w, https:\/\/www.elpolitologoyelpolitico.com.ar\/wp-content\/uploads\/2021\/05\/WhatsApp-Image-2021-05-28-at-8.48.20-PM-300x225.jpeg 300w\" sizes=\"(max-width: 720px) 100vw, 720px\" \/><\/figure><\/li><\/ul><\/figure>\n\t\t\t\t\t\t\t\t<\/div>\n\t\t\t\t<\/div>\n\t\t\t\t\t<\/div>\n\t\t<\/div>\n\t\t\t\t\t<\/div>\n\t\t<\/section>\n\t\t\t\t<\/div>\n\t\t<div class=\"fb-background-color\">\n\t\t\t  <div \n\t\t\t  \tclass = \"fb-comments\" \n\t\t\t  \tdata-href = \"https:\/\/www.elpolitologoyelpolitico.com.ar\/wordpress\/2021\/05\/29\/avanza-la-integracion-urbana-del-barrio-el-progreso\/\"\n\t\t\t  \tdata-numposts = \"10\"\n\t\t\t  \tdata-lazy = \"true\"\n\t\t\t\tdata-colorscheme = \"light\"\n\t\t\t\tdata-order-by = \"social\"\n\t\t\t\tdata-mobile=true>\n\t\t\t  <\/div><\/div>\n\t\t  <style>\n\t\t    .fb-background-color {\n\t\t\t\tbackground: #ffffff !important;\n\t\t\t}\n\t\t\t.fb_iframe_widget_fluid_desktop iframe {\n\t\t\t    width: 100% !important;\n\t\t\t}\n\t\t  <\/style>\n\t\t  ","protected":false},"excerpt":{"rendered":"<p>Con la apertura de ofertas para una nueva etapa de cord\u00f3n cuneta en El Progreso, continuar\u00e1n las obras de urbanizaci\u00f3n en este barrio.&nbsp; De esta forma, se completar\u00e1n las dos manzanas restantes, mientras avanzan las obras de la primera etapa que incluye cuatro manzanas.&nbsp; En esta oportunidad se ejecutar\u00e1n 577 metros lineales de cord\u00f3n cuneta [&hellip;]<\/p>\n","protected":false},"author":4,"featured_media":3565,"comment_status":"closed","ping_status":"closed","sticky":false,"template":"","format":"standard","meta":{"_joinchat":[],"footnotes":""},"categories":[39],"tags":[],"class_list":["post-3564","post","type-post","status-publish","format-standard","has-post-thumbnail","hentry","category-en-esta-seccion"],"_links":{"self":[{"href":"https:\/\/www.elpolitologoyelpolitico.com.ar\/wordpress\/wp-json\/wp\/v2\/posts\/3564","targetHints":{"allow":["GET"]}}],"collection":[{"href":"https:\/\/www.elpolitologoyelpolitico.com.ar\/wordpress\/wp-json\/wp\/v2\/posts"}],"about":[{"href":"https:\/\/www.elpolitologoyelpolitico.com.ar\/wordpress\/wp-json\/wp\/v2\/types\/post"}],"author":[{"embeddable":true,"href":"https:\/\/www.elpolitologoyelpolitico.com.ar\/wordpress\/wp-json\/wp\/v2\/users\/4"}],"replies":[{"embeddable":true,"href":"https:\/\/www.elpolitologoyelpolitico.com.ar\/wordpress\/wp-json\/wp\/v2\/comments?post=3564"}],"version-history":[{"count":0,"href":"https:\/\/www.elpolitologoyelpolitico.com.ar\/wordpress\/wp-json\/wp\/v2\/posts\/3564\/revisions"}],"wp:featuredmedia":[{"embeddable":true,"href":"https:\/\/www.elpolitologoyelpolitico.com.ar\/wordpress\/wp-json\/wp\/v2\/media\/3565"}],"wp:attachment":[{"href":"https:\/\/www.elpolitologoyelpolitico.com.ar\/wordpress\/wp-json\/wp\/v2\/media?parent=3564"}],"wp:term":[{"taxonomy":"category","embeddable":true,"href":"https:\/\/www.elpolitologoyelpolitico.com.ar\/wordpress\/wp-json\/wp\/v2\/categories?post=3564"},{"taxonomy":"post_tag","embeddable":true,"href":"https:\/\/www.elpolitologoyelpolitico.com.ar\/wordpress\/wp-json\/wp\/v2\/tags?post=3564"}],"curies":[{"name":"wp","href":"https:\/\/api.w.org\/{rel}","templated":true}]}}