{"id":35624,"date":"2023-10-26T19:25:51","date_gmt":"2023-10-26T22:25:51","guid":{"rendered":"https:\/\/www.elpolitologoyelpolitico.com.ar\/wordpress\/?p=35624"},"modified":"2023-10-26T19:25:52","modified_gmt":"2023-10-26T22:25:52","slug":"seguridad-sumo-nuevo-equipamiento-tecnologico-para-criminalistica","status":"publish","type":"post","link":"https:\/\/www.elpolitologoyelpolitico.com.ar\/wordpress\/2023\/10\/26\/seguridad-sumo-nuevo-equipamiento-tecnologico-para-criminalistica\/","title":{"rendered":"Seguridad sum\u00f3 nuevo equipamiento tecnol\u00f3gico para Criminal\u00edstica"},"content":{"rendered":"\n<p>La ministra de Seguridad y Justicia, Betiana Minor, encabez\u00f3 el acto de la entrega de 16 nuevas c\u00e1maras profesionales y escaners para todos los Gabinetes de Criminal\u00edstica de la Polic\u00eda de R\u00edo Negro.<\/p>\n\n\n\n<p>La entrega se comprendi\u00f3 de herramientas tecnol\u00f3gicas adecuadas con el fin de cumplir tareas fundamentales del \u00e1rea para la resoluci\u00f3n de cr\u00edmenes y en la administraci\u00f3n de la justicia, con un alto nivel de profesionalizaci\u00f3n y compromiso.<\/p>\n\n\n\n<p>La Ministra destac\u00f3 que los elementos hab\u00edan sido solicitados espec\u00edficamente por el Gabinete, cumpliendo con los requerimientos inform\u00e1ticos que necesitaba cada Departamento para funcionar debidamente.<\/p>\n\n\n\n<p>\u201cFuimos trabajando la dotaci\u00f3n de los elementos necesarios para todas las Delegaciones y los Gabinetes de Criminal\u00edstica que hacen un enorme esfuerzo y una gran tarea en el esclarecimiento de todos los hechos que suceden en la provincia\u00bb.<\/p>\n\n\n\n<p>Adem\u00e1s, Minor destac\u00f3 respecto a los gabinetes: \u00abGracias a su aporte es que podemos decir que la mayor\u00eda de los hechos graves que hemos tenido est\u00e1n esclarecidos\u201c, a\u00f1adi\u00f3.<\/p>\n\n\n\n<p>En ese sentido, la Ministra resalt\u00f3 que a trav\u00e9s de la Secretar\u00eda de Justicia con la Ley 3.932 se aportaron veh\u00edculos que fueron recuperados de las causas judiciales y, con este trabajo, se complet\u00f3 la compra de este equipamiento con una inversi\u00f3n total de $11.700.000.<\/p>\n\n\n\n<p>Minor finaliz\u00f3 sus palabras agradeciendo y destacando la labor de los Gabinetes provinciales: \u201cEsta es una peque\u00f1a muestra del trabajo que hacen todos los d\u00edas, que ha sido ponderado en otras provincias y el Gabinete ha participado tambi\u00e9n dando muestra del profesionalismo\u201d.<\/p>\n\n\n\n<p>Asistieron al acto el ministro de Gobierno y Comunidad, Mariano Ferrari; el ministro de la jefatura de Gabinete, Pablo Z\u00facaro; el secretario general, Ramiro Fuentes; el secretario de Justicia, Mariano Sacchetti, el jefe de la Polic\u00eda de R\u00edo Negro, Osvaldo Teller\u00eda, y autoridades de los Gabinetes de Criminal\u00edstica de la provincia.<\/p>\n\n\n\n<figure class=\"wp-block-image size-large\"><img fetchpriority=\"high\" decoding=\"async\" width=\"1024\" height=\"768\" src=\"https:\/\/www.elpolitologoyelpolitico.com.ar\/wp-content\/uploads\/2023\/10\/IMG-20231026-WA0029-1-1024x768.jpg\" alt=\"\" class=\"wp-image-35627\" srcset=\"https:\/\/www.elpolitologoyelpolitico.com.ar\/wp-content\/uploads\/2023\/10\/IMG-20231026-WA0029-1-1024x768.jpg 1024w, https:\/\/www.elpolitologoyelpolitico.com.ar\/wp-content\/uploads\/2023\/10\/IMG-20231026-WA0029-1-300x225.jpg 300w, https:\/\/www.elpolitologoyelpolitico.com.ar\/wp-content\/uploads\/2023\/10\/IMG-20231026-WA0029-1-768x576.jpg 768w, https:\/\/www.elpolitologoyelpolitico.com.ar\/wp-content\/uploads\/2023\/10\/IMG-20231026-WA0029-1.jpg 1280w\" sizes=\"(max-width: 1024px) 100vw, 1024px\" \/><\/figure>\n<div class=\"fb-background-color\">\n\t\t\t  <div \n\t\t\t  \tclass = \"fb-comments\" \n\t\t\t  \tdata-href = \"https:\/\/www.elpolitologoyelpolitico.com.ar\/wordpress\/2023\/10\/26\/seguridad-sumo-nuevo-equipamiento-tecnologico-para-criminalistica\/\"\n\t\t\t  \tdata-numposts = \"10\"\n\t\t\t  \tdata-lazy = \"true\"\n\t\t\t\tdata-colorscheme = \"light\"\n\t\t\t\tdata-order-by = \"social\"\n\t\t\t\tdata-mobile=true>\n\t\t\t  <\/div><\/div>\n\t\t  <style>\n\t\t    .fb-background-color {\n\t\t\t\tbackground: #ffffff !important;\n\t\t\t}\n\t\t\t.fb_iframe_widget_fluid_desktop iframe {\n\t\t\t    width: 100% !important;\n\t\t\t}\n\t\t  <\/style>\n\t\t  ","protected":false},"excerpt":{"rendered":"<p>La ministra de Seguridad y Justicia, Betiana Minor, encabez\u00f3 el acto de la entrega de 16 nuevas c\u00e1maras profesionales y escaners para todos los Gabinetes de Criminal\u00edstica de la Polic\u00eda de R\u00edo Negro. La entrega se comprendi\u00f3 de herramientas tecnol\u00f3gicas adecuadas con el fin de cumplir tareas fundamentales del \u00e1rea para la resoluci\u00f3n de cr\u00edmenes [&hellip;]<\/p>\n","protected":false},"author":4,"featured_media":35625,"comment_status":"closed","ping_status":"closed","sticky":false,"template":"","format":"standard","meta":{"_joinchat":[],"footnotes":""},"categories":[4],"tags":[],"class_list":["post-35624","post","type-post","status-publish","format-standard","has-post-thumbnail","hentry","category-politicas-publicas"],"_links":{"self":[{"href":"https:\/\/www.elpolitologoyelpolitico.com.ar\/wordpress\/wp-json\/wp\/v2\/posts\/35624","targetHints":{"allow":["GET"]}}],"collection":[{"href":"https:\/\/www.elpolitologoyelpolitico.com.ar\/wordpress\/wp-json\/wp\/v2\/posts"}],"about":[{"href":"https:\/\/www.elpolitologoyelpolitico.com.ar\/wordpress\/wp-json\/wp\/v2\/types\/post"}],"author":[{"embeddable":true,"href":"https:\/\/www.elpolitologoyelpolitico.com.ar\/wordpress\/wp-json\/wp\/v2\/users\/4"}],"replies":[{"embeddable":true,"href":"https:\/\/www.elpolitologoyelpolitico.com.ar\/wordpress\/wp-json\/wp\/v2\/comments?post=35624"}],"version-history":[{"count":1,"href":"https:\/\/www.elpolitologoyelpolitico.com.ar\/wordpress\/wp-json\/wp\/v2\/posts\/35624\/revisions"}],"predecessor-version":[{"id":35628,"href":"https:\/\/www.elpolitologoyelpolitico.com.ar\/wordpress\/wp-json\/wp\/v2\/posts\/35624\/revisions\/35628"}],"wp:featuredmedia":[{"embeddable":true,"href":"https:\/\/www.elpolitologoyelpolitico.com.ar\/wordpress\/wp-json\/wp\/v2\/media\/35625"}],"wp:attachment":[{"href":"https:\/\/www.elpolitologoyelpolitico.com.ar\/wordpress\/wp-json\/wp\/v2\/media?parent=35624"}],"wp:term":[{"taxonomy":"category","embeddable":true,"href":"https:\/\/www.elpolitologoyelpolitico.com.ar\/wordpress\/wp-json\/wp\/v2\/categories?post=35624"},{"taxonomy":"post_tag","embeddable":true,"href":"https:\/\/www.elpolitologoyelpolitico.com.ar\/wordpress\/wp-json\/wp\/v2\/tags?post=35624"}],"curies":[{"name":"wp","href":"https:\/\/api.w.org\/{rel}","templated":true}]}}