{"id":35573,"date":"2023-10-25T13:59:10","date_gmt":"2023-10-25T16:59:10","guid":{"rendered":"https:\/\/www.elpolitologoyelpolitico.com.ar\/wordpress\/?p=35573"},"modified":"2023-10-25T13:59:10","modified_gmt":"2023-10-25T16:59:10","slug":"la-formula-patricia-bullrich-luis-petri-apoyara-a-javier-milei-en-el-balotaje-la-patria-esta-en-peligro-hace-20-anos-nos-hunden-en-la-decadencia","status":"publish","type":"post","link":"https:\/\/www.elpolitologoyelpolitico.com.ar\/wordpress\/2023\/10\/25\/la-formula-patricia-bullrich-luis-petri-apoyara-a-javier-milei-en-el-balotaje-la-patria-esta-en-peligro-hace-20-anos-nos-hunden-en-la-decadencia\/","title":{"rendered":"La Formula Patricia Bullrich- Luis Petri apoyar\u00e1 a Javier Milei en el Balotaje \u00abLa Patria est\u00e1 en peligro. Hace 20 a\u00f1os nos hunden en la decadencia\u00bb"},"content":{"rendered":"\n<p>La excandidata de Juntos por el Cambio, que sali\u00f3 tercera con el 23,8% de los votos, oficializ\u00f3 su respaldo al libertario tras debatirlo en una cumbre con Mauricio Macri; \u201ccon Milei nos perdonamos mutuamente\u201d.<\/p>\n\n\n\n<p>Agreg\u00f3 &nbsp;\u201cLa urgencia nos interpela a no ser neutrales. Ratificamos los valores del cambio y la libertad\u201d<\/p>\n\n\n\n<p>Por otra parte Bullrich indic\u00f3 \u201cEsta f\u00f3rmula fue elegida de manera democr\u00e1tica en las PASO. Venimos en representaci\u00f3n, no de nuestros partidos, sino por haber tenido el apoyo de 6.200.000 argentinos\u201d, y dijo que la continuidad de Massa significar\u00eda \u201cque Cristina Kirchner se garantice la impunidad\u201d.<\/p>\n\n\n\n<p>Por \u00faltimo sostuvo \u00abLa Patria est\u00e1 en peligro. Hace 20 a\u00f1os nos hunden en la decadencia. Para que la Argentina salga adelante necesita un cambio de ra\u00edz, que asegure un capitalismo, y que se termine con la emisi\u00f3n monetaria para terminar con la inflaci\u00f3n\u201d.<\/p>\n<div class=\"fb-background-color\">\n\t\t\t  <div \n\t\t\t  \tclass = \"fb-comments\" \n\t\t\t  \tdata-href = \"https:\/\/www.elpolitologoyelpolitico.com.ar\/wordpress\/2023\/10\/25\/la-formula-patricia-bullrich-luis-petri-apoyara-a-javier-milei-en-el-balotaje-la-patria-esta-en-peligro-hace-20-anos-nos-hunden-en-la-decadencia\/\"\n\t\t\t  \tdata-numposts = \"10\"\n\t\t\t  \tdata-lazy = \"true\"\n\t\t\t\tdata-colorscheme = \"light\"\n\t\t\t\tdata-order-by = \"social\"\n\t\t\t\tdata-mobile=true>\n\t\t\t  <\/div><\/div>\n\t\t  <style>\n\t\t    .fb-background-color {\n\t\t\t\tbackground: #ffffff !important;\n\t\t\t}\n\t\t\t.fb_iframe_widget_fluid_desktop iframe {\n\t\t\t    width: 100% !important;\n\t\t\t}\n\t\t  <\/style>\n\t\t  ","protected":false},"excerpt":{"rendered":"<p>La excandidata de Juntos por el Cambio, que sali\u00f3 tercera con el 23,8% de los votos, oficializ\u00f3 su respaldo al libertario tras debatirlo en una cumbre con Mauricio Macri; \u201ccon Milei nos perdonamos mutuamente\u201d. Agreg\u00f3 &nbsp;\u201cLa urgencia nos interpela a no ser neutrales. Ratificamos los valores del cambio y la libertad\u201d Por otra parte Bullrich [&hellip;]<\/p>\n","protected":false},"author":4,"featured_media":35574,"comment_status":"closed","ping_status":"closed","sticky":false,"template":"","format":"standard","meta":{"_joinchat":[],"footnotes":""},"categories":[38],"tags":[],"class_list":["post-35573","post","type-post","status-publish","format-standard","has-post-thumbnail","hentry","category-elecciones"],"_links":{"self":[{"href":"https:\/\/www.elpolitologoyelpolitico.com.ar\/wordpress\/wp-json\/wp\/v2\/posts\/35573","targetHints":{"allow":["GET"]}}],"collection":[{"href":"https:\/\/www.elpolitologoyelpolitico.com.ar\/wordpress\/wp-json\/wp\/v2\/posts"}],"about":[{"href":"https:\/\/www.elpolitologoyelpolitico.com.ar\/wordpress\/wp-json\/wp\/v2\/types\/post"}],"author":[{"embeddable":true,"href":"https:\/\/www.elpolitologoyelpolitico.com.ar\/wordpress\/wp-json\/wp\/v2\/users\/4"}],"replies":[{"embeddable":true,"href":"https:\/\/www.elpolitologoyelpolitico.com.ar\/wordpress\/wp-json\/wp\/v2\/comments?post=35573"}],"version-history":[{"count":1,"href":"https:\/\/www.elpolitologoyelpolitico.com.ar\/wordpress\/wp-json\/wp\/v2\/posts\/35573\/revisions"}],"predecessor-version":[{"id":35575,"href":"https:\/\/www.elpolitologoyelpolitico.com.ar\/wordpress\/wp-json\/wp\/v2\/posts\/35573\/revisions\/35575"}],"wp:featuredmedia":[{"embeddable":true,"href":"https:\/\/www.elpolitologoyelpolitico.com.ar\/wordpress\/wp-json\/wp\/v2\/media\/35574"}],"wp:attachment":[{"href":"https:\/\/www.elpolitologoyelpolitico.com.ar\/wordpress\/wp-json\/wp\/v2\/media?parent=35573"}],"wp:term":[{"taxonomy":"category","embeddable":true,"href":"https:\/\/www.elpolitologoyelpolitico.com.ar\/wordpress\/wp-json\/wp\/v2\/categories?post=35573"},{"taxonomy":"post_tag","embeddable":true,"href":"https:\/\/www.elpolitologoyelpolitico.com.ar\/wordpress\/wp-json\/wp\/v2\/tags?post=35573"}],"curies":[{"name":"wp","href":"https:\/\/api.w.org\/{rel}","templated":true}]}}