{"id":35517,"date":"2023-10-24T13:19:39","date_gmt":"2023-10-24T16:19:39","guid":{"rendered":"https:\/\/www.elpolitologoyelpolitico.com.ar\/wordpress\/?p=35517"},"modified":"2023-10-24T13:19:41","modified_gmt":"2023-10-24T16:19:41","slug":"viedma-ya-cuenta-con-el-nuevo-centro-de-informacion-turistica","status":"publish","type":"post","link":"https:\/\/www.elpolitologoyelpolitico.com.ar\/wordpress\/2023\/10\/24\/viedma-ya-cuenta-con-el-nuevo-centro-de-informacion-turistica\/","title":{"rendered":"Viedma ya cuenta con el nuevo centro de informaci\u00f3n turistica"},"content":{"rendered":"\n<p>El nuevo centro de informaci\u00f3n turistica de Viedma ya se encuentra habilitado sobre la ruta 3, lindantes a la caminera policial ubicada en el Puente Basilio Villarino.<\/p>\n\n\n\n<p>Los turistas y vecinos se pueden acercar todos los d\u00edas de 8 a 20 horas.<\/p>\n\n\n\n<p>El lugar est\u00e1 a cargo de la Subsecretar\u00eda de Turismo de la Municipalidad de Viedma.<\/p>\n\n\n\n<p>El nuevo Centro de Informes Tur\u00edsticos posee un mostrador de informes, ba\u00f1os, dos oficinas y un sal\u00f3n de usos m\u00faltiples para capacitaciones, venta de productos regionales y otros eventos.<\/p>\n\n\n\n<figure class=\"wp-block-gallery has-nested-images columns-default is-cropped wp-block-gallery-1 is-layout-flex wp-block-gallery-is-layout-flex\">\n<figure class=\"wp-block-image size-large\"><img fetchpriority=\"high\" decoding=\"async\" width=\"1024\" height=\"768\" data-id=\"35519\" src=\"https:\/\/www.elpolitologoyelpolitico.com.ar\/wp-content\/uploads\/2023\/10\/IMG-20231023-WA0028-1024x768.jpg\" alt=\"\" class=\"wp-image-35519\" srcset=\"https:\/\/www.elpolitologoyelpolitico.com.ar\/wp-content\/uploads\/2023\/10\/IMG-20231023-WA0028-1024x768.jpg 1024w, https:\/\/www.elpolitologoyelpolitico.com.ar\/wp-content\/uploads\/2023\/10\/IMG-20231023-WA0028-300x225.jpg 300w, https:\/\/www.elpolitologoyelpolitico.com.ar\/wp-content\/uploads\/2023\/10\/IMG-20231023-WA0028-768x576.jpg 768w, https:\/\/www.elpolitologoyelpolitico.com.ar\/wp-content\/uploads\/2023\/10\/IMG-20231023-WA0028.jpg 1080w\" sizes=\"(max-width: 1024px) 100vw, 1024px\" \/><\/figure>\n\n\n\n<figure class=\"wp-block-image size-large\"><img decoding=\"async\" width=\"1024\" height=\"768\" data-id=\"35520\" src=\"https:\/\/www.elpolitologoyelpolitico.com.ar\/wp-content\/uploads\/2023\/10\/IMG-20231023-WA0030-1024x768.jpg\" alt=\"\" class=\"wp-image-35520\" srcset=\"https:\/\/www.elpolitologoyelpolitico.com.ar\/wp-content\/uploads\/2023\/10\/IMG-20231023-WA0030-1024x768.jpg 1024w, https:\/\/www.elpolitologoyelpolitico.com.ar\/wp-content\/uploads\/2023\/10\/IMG-20231023-WA0030-300x225.jpg 300w, https:\/\/www.elpolitologoyelpolitico.com.ar\/wp-content\/uploads\/2023\/10\/IMG-20231023-WA0030-768x576.jpg 768w, https:\/\/www.elpolitologoyelpolitico.com.ar\/wp-content\/uploads\/2023\/10\/IMG-20231023-WA0030.jpg 1080w\" sizes=\"(max-width: 1024px) 100vw, 1024px\" \/><\/figure>\n<\/figure>\n<div class=\"fb-background-color\">\n\t\t\t  <div \n\t\t\t  \tclass = \"fb-comments\" \n\t\t\t  \tdata-href = \"https:\/\/www.elpolitologoyelpolitico.com.ar\/wordpress\/2023\/10\/24\/viedma-ya-cuenta-con-el-nuevo-centro-de-informacion-turistica\/\"\n\t\t\t  \tdata-numposts = \"10\"\n\t\t\t  \tdata-lazy = \"true\"\n\t\t\t\tdata-colorscheme = \"light\"\n\t\t\t\tdata-order-by = \"social\"\n\t\t\t\tdata-mobile=true>\n\t\t\t  <\/div><\/div>\n\t\t  <style>\n\t\t    .fb-background-color {\n\t\t\t\tbackground: #ffffff !important;\n\t\t\t}\n\t\t\t.fb_iframe_widget_fluid_desktop iframe {\n\t\t\t    width: 100% !important;\n\t\t\t}\n\t\t  <\/style>\n\t\t  ","protected":false},"excerpt":{"rendered":"<p>El nuevo centro de informaci\u00f3n turistica de Viedma ya se encuentra habilitado sobre la ruta 3, lindantes a la caminera policial ubicada en el Puente Basilio Villarino. Los turistas y vecinos se pueden acercar todos los d\u00edas de 8 a 20 horas. El lugar est\u00e1 a cargo de la Subsecretar\u00eda de Turismo de la Municipalidad [&hellip;]<\/p>\n","protected":false},"author":4,"featured_media":35518,"comment_status":"closed","ping_status":"closed","sticky":false,"template":"","format":"standard","meta":{"_joinchat":[],"footnotes":""},"categories":[4],"tags":[],"class_list":["post-35517","post","type-post","status-publish","format-standard","has-post-thumbnail","hentry","category-politicas-publicas"],"_links":{"self":[{"href":"https:\/\/www.elpolitologoyelpolitico.com.ar\/wordpress\/wp-json\/wp\/v2\/posts\/35517","targetHints":{"allow":["GET"]}}],"collection":[{"href":"https:\/\/www.elpolitologoyelpolitico.com.ar\/wordpress\/wp-json\/wp\/v2\/posts"}],"about":[{"href":"https:\/\/www.elpolitologoyelpolitico.com.ar\/wordpress\/wp-json\/wp\/v2\/types\/post"}],"author":[{"embeddable":true,"href":"https:\/\/www.elpolitologoyelpolitico.com.ar\/wordpress\/wp-json\/wp\/v2\/users\/4"}],"replies":[{"embeddable":true,"href":"https:\/\/www.elpolitologoyelpolitico.com.ar\/wordpress\/wp-json\/wp\/v2\/comments?post=35517"}],"version-history":[{"count":1,"href":"https:\/\/www.elpolitologoyelpolitico.com.ar\/wordpress\/wp-json\/wp\/v2\/posts\/35517\/revisions"}],"predecessor-version":[{"id":35521,"href":"https:\/\/www.elpolitologoyelpolitico.com.ar\/wordpress\/wp-json\/wp\/v2\/posts\/35517\/revisions\/35521"}],"wp:featuredmedia":[{"embeddable":true,"href":"https:\/\/www.elpolitologoyelpolitico.com.ar\/wordpress\/wp-json\/wp\/v2\/media\/35518"}],"wp:attachment":[{"href":"https:\/\/www.elpolitologoyelpolitico.com.ar\/wordpress\/wp-json\/wp\/v2\/media?parent=35517"}],"wp:term":[{"taxonomy":"category","embeddable":true,"href":"https:\/\/www.elpolitologoyelpolitico.com.ar\/wordpress\/wp-json\/wp\/v2\/categories?post=35517"},{"taxonomy":"post_tag","embeddable":true,"href":"https:\/\/www.elpolitologoyelpolitico.com.ar\/wordpress\/wp-json\/wp\/v2\/tags?post=35517"}],"curies":[{"name":"wp","href":"https:\/\/api.w.org\/{rel}","templated":true}]}}