{"id":35482,"date":"2023-10-23T13:02:03","date_gmt":"2023-10-23T16:02:03","guid":{"rendered":"https:\/\/www.elpolitologoyelpolitico.com.ar\/wordpress\/?p=35482"},"modified":"2023-10-23T13:02:05","modified_gmt":"2023-10-23T16:02:05","slug":"plan-lanar-estan-abiertas-las-inscripciones-al-programa-de-compensacion-economica-de-lana-ovina","status":"publish","type":"post","link":"https:\/\/www.elpolitologoyelpolitico.com.ar\/wordpress\/2023\/10\/23\/plan-lanar-estan-abiertas-las-inscripciones-al-programa-de-compensacion-economica-de-lana-ovina\/","title":{"rendered":"Plan Lanar: \u00abEstan abiertas las inscripciones al Programa de compensaci\u00f3n Econ\u00f3mica de lana Ovina\u00bb"},"content":{"rendered":"\n<p>El Gobierno Nacional restableci\u00f3 el Programa de Compensaci\u00f3n Econ\u00f3mica<br>para Peque\u00f1os y Medianos Productores de Lana Ovina (Plan Lanar) a trav\u00e9s de<br>la Resoluci\u00f3n 1549\/2023.<\/p>\n\n\n\n<p>Para acceder al programa, el productor debe inscribirse mediante la p\u00e1gina de AFIP y cumplir con los requisitos y las pautas para la compensaci\u00f3n.<\/p>\n\n\n\n<p>Se considerar\u00e1 a los productores y productoras con un stock igual o menor a 10.000 cabezas ovinas totales, inscriptos en el Registro Nacional Sanitario de Productores Agropecuarios (Renspa) del SENASA, al 31 de marzo de 2023.<\/p>\n\n\n\n<p>Para dudas y\/o asesoramiento pueden acercarse a la Subsecretar\u00eda de<br>Desarrollo Territorial, ubicada en la calle Mitre N\u00b084, de Carmen de Patagones, en las delegaciones del interior o en los Centros de Informes Tur\u00edsticos.<\/p>\n<div class=\"fb-background-color\">\n\t\t\t  <div \n\t\t\t  \tclass = \"fb-comments\" \n\t\t\t  \tdata-href = \"https:\/\/www.elpolitologoyelpolitico.com.ar\/wordpress\/2023\/10\/23\/plan-lanar-estan-abiertas-las-inscripciones-al-programa-de-compensacion-economica-de-lana-ovina\/\"\n\t\t\t  \tdata-numposts = \"10\"\n\t\t\t  \tdata-lazy = \"true\"\n\t\t\t\tdata-colorscheme = \"light\"\n\t\t\t\tdata-order-by = \"social\"\n\t\t\t\tdata-mobile=true>\n\t\t\t  <\/div><\/div>\n\t\t  <style>\n\t\t    .fb-background-color {\n\t\t\t\tbackground: #ffffff !important;\n\t\t\t}\n\t\t\t.fb_iframe_widget_fluid_desktop iframe {\n\t\t\t    width: 100% !important;\n\t\t\t}\n\t\t  <\/style>\n\t\t  ","protected":false},"excerpt":{"rendered":"<p>El Gobierno Nacional restableci\u00f3 el Programa de Compensaci\u00f3n Econ\u00f3micapara Peque\u00f1os y Medianos Productores de Lana Ovina (Plan Lanar) a trav\u00e9s dela Resoluci\u00f3n 1549\/2023. Para acceder al programa, el productor debe inscribirse mediante la p\u00e1gina de AFIP y cumplir con los requisitos y las pautas para la compensaci\u00f3n. Se considerar\u00e1 a los productores y productoras con [&hellip;]<\/p>\n","protected":false},"author":4,"featured_media":35483,"comment_status":"closed","ping_status":"closed","sticky":false,"template":"","format":"standard","meta":{"_joinchat":[],"footnotes":""},"categories":[4],"tags":[],"class_list":["post-35482","post","type-post","status-publish","format-standard","has-post-thumbnail","hentry","category-politicas-publicas"],"_links":{"self":[{"href":"https:\/\/www.elpolitologoyelpolitico.com.ar\/wordpress\/wp-json\/wp\/v2\/posts\/35482","targetHints":{"allow":["GET"]}}],"collection":[{"href":"https:\/\/www.elpolitologoyelpolitico.com.ar\/wordpress\/wp-json\/wp\/v2\/posts"}],"about":[{"href":"https:\/\/www.elpolitologoyelpolitico.com.ar\/wordpress\/wp-json\/wp\/v2\/types\/post"}],"author":[{"embeddable":true,"href":"https:\/\/www.elpolitologoyelpolitico.com.ar\/wordpress\/wp-json\/wp\/v2\/users\/4"}],"replies":[{"embeddable":true,"href":"https:\/\/www.elpolitologoyelpolitico.com.ar\/wordpress\/wp-json\/wp\/v2\/comments?post=35482"}],"version-history":[{"count":1,"href":"https:\/\/www.elpolitologoyelpolitico.com.ar\/wordpress\/wp-json\/wp\/v2\/posts\/35482\/revisions"}],"predecessor-version":[{"id":35484,"href":"https:\/\/www.elpolitologoyelpolitico.com.ar\/wordpress\/wp-json\/wp\/v2\/posts\/35482\/revisions\/35484"}],"wp:featuredmedia":[{"embeddable":true,"href":"https:\/\/www.elpolitologoyelpolitico.com.ar\/wordpress\/wp-json\/wp\/v2\/media\/35483"}],"wp:attachment":[{"href":"https:\/\/www.elpolitologoyelpolitico.com.ar\/wordpress\/wp-json\/wp\/v2\/media?parent=35482"}],"wp:term":[{"taxonomy":"category","embeddable":true,"href":"https:\/\/www.elpolitologoyelpolitico.com.ar\/wordpress\/wp-json\/wp\/v2\/categories?post=35482"},{"taxonomy":"post_tag","embeddable":true,"href":"https:\/\/www.elpolitologoyelpolitico.com.ar\/wordpress\/wp-json\/wp\/v2\/tags?post=35482"}],"curies":[{"name":"wp","href":"https:\/\/api.w.org\/{rel}","templated":true}]}}