{"id":3547,"date":"2021-05-28T23:54:34","date_gmt":"2021-05-28T23:54:34","guid":{"rendered":"https:\/\/www.elpolitologoyelpolitico.com.ar\/wordpress\/?p=3547"},"modified":"2021-05-28T23:55:01","modified_gmt":"2021-05-28T23:55:01","slug":"tenemos-que-tomar-conciencia-que-la-circulacion-viral-es-alta","status":"publish","type":"post","link":"https:\/\/www.elpolitologoyelpolitico.com.ar\/wordpress\/2021\/05\/28\/tenemos-que-tomar-conciencia-que-la-circulacion-viral-es-alta\/","title":{"rendered":"Tenemos que tomar conciencia que la circulaci\u00f3n viral es alta"},"content":{"rendered":"\t\t<div data-elementor-type=\"wp-post\" data-elementor-id=\"3547\" class=\"elementor elementor-3547\">\n\t\t\t\t\t\t<section class=\"elementor-section elementor-top-section elementor-element elementor-element-5daf7cb elementor-section-boxed elementor-section-height-default elementor-section-height-default\" data-id=\"5daf7cb\" data-element_type=\"section\" data-e-type=\"section\">\n\t\t\t\t\t\t<div class=\"elementor-container elementor-column-gap-default\">\n\t\t\t\t\t<div class=\"elementor-column elementor-col-100 elementor-top-column elementor-element elementor-element-82c25d2\" data-id=\"82c25d2\" data-element_type=\"column\" data-e-type=\"column\">\n\t\t\t<div class=\"elementor-widget-wrap elementor-element-populated\">\n\t\t\t\t\t\t<div class=\"elementor-element elementor-element-7f1baf32 elementor-widget elementor-widget-text-editor\" data-id=\"7f1baf32\" data-element_type=\"widget\" data-e-type=\"widget\" data-widget_type=\"text-editor.default\">\n\t\t\t\t<div class=\"elementor-widget-container\">\n\t\t\t\t\t\t\t\t\t\n<p>El secretario de salud de Patagones, Marcos tripodi expreso su preocupaci\u00f3n ante el aumento abrupto de casos positivos de Covid-19 en el Partido y sostuvo \u201ccon la implementaci\u00f3n de las medidas restrictivas se espera que &nbsp;la comunidad tome conciencia y de esta manera el n\u00famero de contagios pueda bajar\u201d<\/p>\n\n\n\n<p>\u201cTuvimos la oportunidad de vincular un centro de testeo que est\u00e1 funcionando en el Teatro Espa\u00f1a y trae respuesta a la comunidad, ya que l\u00f3gicamente aquellas personas que minimizaban los s\u00edntomas y no se hisopaban, hoy lo pueden hacer\u201d expres\u00f3 el secretario<\/p>\n\n\n\n<p>Con respecto al cambio de Fase en el Partido, afirm\u00f3 que se est\u00e1n esperando novedades desde Provincia y de esta manera evaluar las medidas que se tomaran de aqu\u00ed en adelante.<\/p>\n\n\n\n<p>Asimismo destac\u00f3 \u201cEstamos con un nivel de ocupaci\u00f3n muy alto en cl\u00ednica m\u00e9dica como en cl\u00ednica quir\u00fargica. Tenemos cinco respiradores en uso, 4 en terapia intensiva y 1 en terapia intermedia. En Villalonga, ha bajado la ocupaci\u00f3n de las camas pero Patagones tiene un 80 o 90 por ciento en ocupaci\u00f3n de camas\u201d. \u201cLo importante es aprender de estos d\u00edas que nos ha tocado un cierre estricto y tenemos que tomar conciencia que la circulaci\u00f3n viral es alta en toda la Argentina\u201d manifest\u00f3 el secretario de salud.<\/p>\n\t\t\t\t\t\t\t\t<\/div>\n\t\t\t\t<\/div>\n\t\t\t\t\t<\/div>\n\t\t<\/div>\n\t\t\t\t\t<\/div>\n\t\t<\/section>\n\t\t\t\t<\/div>\n\t\t<div class=\"fb-background-color\">\n\t\t\t  <div \n\t\t\t  \tclass = \"fb-comments\" \n\t\t\t  \tdata-href = \"https:\/\/www.elpolitologoyelpolitico.com.ar\/wordpress\/2021\/05\/28\/tenemos-que-tomar-conciencia-que-la-circulacion-viral-es-alta\/\"\n\t\t\t  \tdata-numposts = \"10\"\n\t\t\t  \tdata-lazy = \"true\"\n\t\t\t\tdata-colorscheme = \"light\"\n\t\t\t\tdata-order-by = \"social\"\n\t\t\t\tdata-mobile=true>\n\t\t\t  <\/div><\/div>\n\t\t  <style>\n\t\t    .fb-background-color {\n\t\t\t\tbackground: #ffffff !important;\n\t\t\t}\n\t\t\t.fb_iframe_widget_fluid_desktop iframe {\n\t\t\t    width: 100% !important;\n\t\t\t}\n\t\t  <\/style>\n\t\t  ","protected":false},"excerpt":{"rendered":"<p>El secretario de salud de Patagones, Marcos tripodi expreso su preocupaci\u00f3n ante el aumento abrupto de casos positivos de Covid-19 en el Partido y sostuvo \u201ccon la implementaci\u00f3n de las medidas restrictivas se espera que &nbsp;la comunidad tome conciencia y de esta manera el n\u00famero de contagios pueda bajar\u201d \u201cTuvimos la oportunidad de vincular un [&hellip;]<\/p>\n","protected":false},"author":4,"featured_media":3548,"comment_status":"closed","ping_status":"closed","sticky":false,"template":"","format":"standard","meta":{"_joinchat":[],"footnotes":""},"categories":[21],"tags":[],"class_list":["post-3547","post","type-post","status-publish","format-standard","has-post-thumbnail","hentry","category-actores-politicos"],"_links":{"self":[{"href":"https:\/\/www.elpolitologoyelpolitico.com.ar\/wordpress\/wp-json\/wp\/v2\/posts\/3547","targetHints":{"allow":["GET"]}}],"collection":[{"href":"https:\/\/www.elpolitologoyelpolitico.com.ar\/wordpress\/wp-json\/wp\/v2\/posts"}],"about":[{"href":"https:\/\/www.elpolitologoyelpolitico.com.ar\/wordpress\/wp-json\/wp\/v2\/types\/post"}],"author":[{"embeddable":true,"href":"https:\/\/www.elpolitologoyelpolitico.com.ar\/wordpress\/wp-json\/wp\/v2\/users\/4"}],"replies":[{"embeddable":true,"href":"https:\/\/www.elpolitologoyelpolitico.com.ar\/wordpress\/wp-json\/wp\/v2\/comments?post=3547"}],"version-history":[{"count":0,"href":"https:\/\/www.elpolitologoyelpolitico.com.ar\/wordpress\/wp-json\/wp\/v2\/posts\/3547\/revisions"}],"wp:featuredmedia":[{"embeddable":true,"href":"https:\/\/www.elpolitologoyelpolitico.com.ar\/wordpress\/wp-json\/wp\/v2\/media\/3548"}],"wp:attachment":[{"href":"https:\/\/www.elpolitologoyelpolitico.com.ar\/wordpress\/wp-json\/wp\/v2\/media?parent=3547"}],"wp:term":[{"taxonomy":"category","embeddable":true,"href":"https:\/\/www.elpolitologoyelpolitico.com.ar\/wordpress\/wp-json\/wp\/v2\/categories?post=3547"},{"taxonomy":"post_tag","embeddable":true,"href":"https:\/\/www.elpolitologoyelpolitico.com.ar\/wordpress\/wp-json\/wp\/v2\/tags?post=3547"}],"curies":[{"name":"wp","href":"https:\/\/api.w.org\/{rel}","templated":true}]}}