{"id":35464,"date":"2023-10-22T23:06:10","date_gmt":"2023-10-23T02:06:10","guid":{"rendered":"https:\/\/www.elpolitologoyelpolitico.com.ar\/wordpress\/?p=35464"},"modified":"2023-10-22T23:06:11","modified_gmt":"2023-10-23T02:06:11","slug":"ricardo-marino-hoy-el-peronismo-triunfo-en-patagones","status":"publish","type":"post","link":"https:\/\/www.elpolitologoyelpolitico.com.ar\/wordpress\/2023\/10\/22\/ricardo-marino-hoy-el-peronismo-triunfo-en-patagones\/","title":{"rendered":"Ricardo Marino \u00abHoy el Peronismo triunfo en Patagones\u00bb"},"content":{"rendered":"\n<p>El intendente electo Ricardo Marino lleg\u00f3 a Carmen de Patagones luego de vivir el clima electoral en Stroeder.<\/p>\n\n\n\n<p>Ni bien lleg\u00f3 al comite del PJ expres\u00f3 \u00abQuiero agradecer a todos los que mw acoma\u00f1aron en esta elecci\u00f3n\u00bb<\/p>\n\n\n\n<p>Agreg\u00f3 <em>\u00abHoy el peronismo triunfo en Patagones y voy a trabajar para todos\u00bb<\/em><\/p>\n\n\n\n<p>Con respecto a los resultados Nacionales indic\u00f3 <em>\u00abQuiero agradecer a mi Lider Sergio Massa que ser\u00e1 el pr\u00f3ximo Presidente de los Argentinos\u00bb<\/em><\/p>\n\n\n\n<p>Axel Kicillof fue electo Gobernador de la Provincia de Buenos Aires y Marino sostuvo \u00bb <em>Quiero agradecer a nuestro gobernador Axel Kicillof que tambien nos di\u00f3 una mano\u00bb<\/em><\/p>\n\n\n\n<p>Por \u00faltimo aclar\u00f3 \u00bb <em>Yo se que tengo que gobernar para todos y as\u00ed ser\u00e1\u00bb<\/em><\/p>\n<div class=\"fb-background-color\">\n\t\t\t  <div \n\t\t\t  \tclass = \"fb-comments\" \n\t\t\t  \tdata-href = \"https:\/\/www.elpolitologoyelpolitico.com.ar\/wordpress\/2023\/10\/22\/ricardo-marino-hoy-el-peronismo-triunfo-en-patagones\/\"\n\t\t\t  \tdata-numposts = \"10\"\n\t\t\t  \tdata-lazy = \"true\"\n\t\t\t\tdata-colorscheme = \"light\"\n\t\t\t\tdata-order-by = \"social\"\n\t\t\t\tdata-mobile=true>\n\t\t\t  <\/div><\/div>\n\t\t  <style>\n\t\t    .fb-background-color {\n\t\t\t\tbackground: #ffffff !important;\n\t\t\t}\n\t\t\t.fb_iframe_widget_fluid_desktop iframe {\n\t\t\t    width: 100% !important;\n\t\t\t}\n\t\t  <\/style>\n\t\t  ","protected":false},"excerpt":{"rendered":"<p>El intendente electo Ricardo Marino lleg\u00f3 a Carmen de Patagones luego de vivir el clima electoral en Stroeder. Ni bien lleg\u00f3 al comite del PJ expres\u00f3 \u00abQuiero agradecer a todos los que mw acoma\u00f1aron en esta elecci\u00f3n\u00bb Agreg\u00f3 \u00abHoy el peronismo triunfo en Patagones y voy a trabajar para todos\u00bb Con respecto a los resultados [&hellip;]<\/p>\n","protected":false},"author":4,"featured_media":35465,"comment_status":"closed","ping_status":"closed","sticky":false,"template":"","format":"standard","meta":{"_joinchat":[],"footnotes":""},"categories":[38],"tags":[],"class_list":["post-35464","post","type-post","status-publish","format-standard","has-post-thumbnail","hentry","category-elecciones"],"_links":{"self":[{"href":"https:\/\/www.elpolitologoyelpolitico.com.ar\/wordpress\/wp-json\/wp\/v2\/posts\/35464","targetHints":{"allow":["GET"]}}],"collection":[{"href":"https:\/\/www.elpolitologoyelpolitico.com.ar\/wordpress\/wp-json\/wp\/v2\/posts"}],"about":[{"href":"https:\/\/www.elpolitologoyelpolitico.com.ar\/wordpress\/wp-json\/wp\/v2\/types\/post"}],"author":[{"embeddable":true,"href":"https:\/\/www.elpolitologoyelpolitico.com.ar\/wordpress\/wp-json\/wp\/v2\/users\/4"}],"replies":[{"embeddable":true,"href":"https:\/\/www.elpolitologoyelpolitico.com.ar\/wordpress\/wp-json\/wp\/v2\/comments?post=35464"}],"version-history":[{"count":1,"href":"https:\/\/www.elpolitologoyelpolitico.com.ar\/wordpress\/wp-json\/wp\/v2\/posts\/35464\/revisions"}],"predecessor-version":[{"id":35466,"href":"https:\/\/www.elpolitologoyelpolitico.com.ar\/wordpress\/wp-json\/wp\/v2\/posts\/35464\/revisions\/35466"}],"wp:featuredmedia":[{"embeddable":true,"href":"https:\/\/www.elpolitologoyelpolitico.com.ar\/wordpress\/wp-json\/wp\/v2\/media\/35465"}],"wp:attachment":[{"href":"https:\/\/www.elpolitologoyelpolitico.com.ar\/wordpress\/wp-json\/wp\/v2\/media?parent=35464"}],"wp:term":[{"taxonomy":"category","embeddable":true,"href":"https:\/\/www.elpolitologoyelpolitico.com.ar\/wordpress\/wp-json\/wp\/v2\/categories?post=35464"},{"taxonomy":"post_tag","embeddable":true,"href":"https:\/\/www.elpolitologoyelpolitico.com.ar\/wordpress\/wp-json\/wp\/v2\/tags?post=35464"}],"curies":[{"name":"wp","href":"https:\/\/api.w.org\/{rel}","templated":true}]}}