{"id":3534,"date":"2021-05-28T17:12:18","date_gmt":"2021-05-28T17:12:18","guid":{"rendered":"https:\/\/www.elpolitologoyelpolitico.com.ar\/wordpress\/?p=3534"},"modified":"2021-05-28T17:13:02","modified_gmt":"2021-05-28T17:13:02","slug":"covid-19-patagones-llego-a-los-452-casos-y-pasa-a-fase-2","status":"publish","type":"post","link":"https:\/\/www.elpolitologoyelpolitico.com.ar\/wordpress\/2021\/05\/28\/covid-19-patagones-llego-a-los-452-casos-y-pasa-a-fase-2\/","title":{"rendered":"Covid 19: Patagones llego a los 452 casos y pasa a FASE 2"},"content":{"rendered":"\t\t<div data-elementor-type=\"wp-post\" data-elementor-id=\"3534\" class=\"elementor elementor-3534\">\n\t\t\t\t\t\t<section class=\"elementor-section elementor-top-section elementor-element elementor-element-75339e2c elementor-section-boxed elementor-section-height-default elementor-section-height-default\" data-id=\"75339e2c\" data-element_type=\"section\" data-e-type=\"section\">\n\t\t\t\t\t\t<div class=\"elementor-container elementor-column-gap-default\">\n\t\t\t\t\t<div class=\"elementor-column elementor-col-100 elementor-top-column elementor-element elementor-element-78e8e65b\" data-id=\"78e8e65b\" data-element_type=\"column\" data-e-type=\"column\">\n\t\t\t<div class=\"elementor-widget-wrap elementor-element-populated\">\n\t\t\t\t\t\t<div class=\"elementor-element elementor-element-1782d706 elementor-widget elementor-widget-text-editor\" data-id=\"1782d706\" data-element_type=\"widget\" data-e-type=\"widget\" data-widget_type=\"text-editor.default\">\n\t\t\t\t<div class=\"elementor-widget-container\">\n\t\t\t\t\t\t\t\t\t\n<p>Los aumentos de casos con Covid 19 aumentan a Nivel Nacional y en la Provincia de Buenos Aires.<\/p>\n\n\n\n<p>En el Partido de Patagones ya son 452 los positivos activos y con este n\u00famero a partir del lunes 31 de mayo pasa a FASE 2.<\/p>\n\n\n\n<p>Patagones, se encuentra en una situaci\u00f3n critica y una vez que pase el confinamiento estricto deber\u00e1 continuar con ciertas medidas<\/p>\n\n\n\n<p>Hay que tener en cuenta que las clases presenciales no van a volver y contin\u00faan de manera virtual en todas las modalidades.<\/p>\n\n\n\n<p>Por otra parte, las actividades y reuniones sociales no se podr\u00e1n hacer en domicilios particulares (la \u00fanica excepci\u00f3n es para las personas que necesitan cierta atenci\u00f3n especial).<\/p>\n\n\n\n<p>Los bares, restaurantes, gimnasios, iglesias, natatorios y dem\u00e1s espacios permanecer\u00e1n cerrados.<\/p>\n\n\n\n<p>Las actividades deportivas y recreativas en donde participan mas de 10 personas, no estar\u00e1n permitidas.<\/p>\n\n\n\n<p><strong><em>Los n\u00fameros de Patagones este viernes 28 de mayo fueron los siguientes:<\/em><\/strong><\/p>\n\n\n\n<p>57 nuevos casos positivos registrados de COVID<\/p>\n\n\n\n<p>24 casos descartados<\/p>\n\n\n\n<p>19 pacientes recibieron el alta.<\/p>\n\n\n\n<p><strong><em>Desde el inicio de la pandemia a la fecha son;<\/em><\/strong><\/p>\n\n\n\n<p>452 los positivos activos<\/p>\n\n\n\n<p>3447 los estudios con resultado negativo<\/p>\n\n\n\n<p>2422 los pacientes recuperados.<\/p>\n\n\n\n<p>72 los fallecidos<\/p>\n\n\n\n<figure class=\"wp-block-image size-large\"><img fetchpriority=\"high\" decoding=\"async\" width=\"1024\" height=\"1024\" src=\"https:\/\/www.elpolitologoyelpolitico.com.ar\/wp-content\/uploads\/2021\/05\/dvnr-1024x1024.jpeg\" alt=\"\" class=\"wp-image-3536\" srcset=\"https:\/\/www.elpolitologoyelpolitico.com.ar\/wp-content\/uploads\/2021\/05\/dvnr-1024x1024.jpeg 1024w, https:\/\/www.elpolitologoyelpolitico.com.ar\/wp-content\/uploads\/2021\/05\/dvnr-300x300.jpeg 300w, https:\/\/www.elpolitologoyelpolitico.com.ar\/wp-content\/uploads\/2021\/05\/dvnr-150x150.jpeg 150w, https:\/\/www.elpolitologoyelpolitico.com.ar\/wp-content\/uploads\/2021\/05\/dvnr-768x768.jpeg 768w, https:\/\/www.elpolitologoyelpolitico.com.ar\/wp-content\/uploads\/2021\/05\/dvnr.jpeg 1280w\" sizes=\"(max-width: 1024px) 100vw, 1024px\" \/><\/figure>\n\t\t\t\t\t\t\t\t<\/div>\n\t\t\t\t<\/div>\n\t\t\t\t\t<\/div>\n\t\t<\/div>\n\t\t\t\t\t<\/div>\n\t\t<\/section>\n\t\t\t\t<\/div>\n\t\t<div class=\"fb-background-color\">\n\t\t\t  <div \n\t\t\t  \tclass = \"fb-comments\" \n\t\t\t  \tdata-href = \"https:\/\/www.elpolitologoyelpolitico.com.ar\/wordpress\/2021\/05\/28\/covid-19-patagones-llego-a-los-452-casos-y-pasa-a-fase-2\/\"\n\t\t\t  \tdata-numposts = \"10\"\n\t\t\t  \tdata-lazy = \"true\"\n\t\t\t\tdata-colorscheme = \"light\"\n\t\t\t\tdata-order-by = \"social\"\n\t\t\t\tdata-mobile=true>\n\t\t\t  <\/div><\/div>\n\t\t  <style>\n\t\t    .fb-background-color {\n\t\t\t\tbackground: #ffffff !important;\n\t\t\t}\n\t\t\t.fb_iframe_widget_fluid_desktop iframe {\n\t\t\t    width: 100% !important;\n\t\t\t}\n\t\t  <\/style>\n\t\t  ","protected":false},"excerpt":{"rendered":"<p>Los aumentos de casos con Covid 19 aumentan a Nivel Nacional y en la Provincia de Buenos Aires. En el Partido de Patagones ya son 452 los positivos activos y con este n\u00famero a partir del lunes 31 de mayo pasa a FASE 2. Patagones, se encuentra en una situaci\u00f3n critica y una vez que [&hellip;]<\/p>\n","protected":false},"author":4,"featured_media":3535,"comment_status":"closed","ping_status":"closed","sticky":false,"template":"","format":"standard","meta":{"_joinchat":[],"footnotes":""},"categories":[39],"tags":[],"class_list":["post-3534","post","type-post","status-publish","format-standard","has-post-thumbnail","hentry","category-en-esta-seccion"],"_links":{"self":[{"href":"https:\/\/www.elpolitologoyelpolitico.com.ar\/wordpress\/wp-json\/wp\/v2\/posts\/3534","targetHints":{"allow":["GET"]}}],"collection":[{"href":"https:\/\/www.elpolitologoyelpolitico.com.ar\/wordpress\/wp-json\/wp\/v2\/posts"}],"about":[{"href":"https:\/\/www.elpolitologoyelpolitico.com.ar\/wordpress\/wp-json\/wp\/v2\/types\/post"}],"author":[{"embeddable":true,"href":"https:\/\/www.elpolitologoyelpolitico.com.ar\/wordpress\/wp-json\/wp\/v2\/users\/4"}],"replies":[{"embeddable":true,"href":"https:\/\/www.elpolitologoyelpolitico.com.ar\/wordpress\/wp-json\/wp\/v2\/comments?post=3534"}],"version-history":[{"count":0,"href":"https:\/\/www.elpolitologoyelpolitico.com.ar\/wordpress\/wp-json\/wp\/v2\/posts\/3534\/revisions"}],"wp:featuredmedia":[{"embeddable":true,"href":"https:\/\/www.elpolitologoyelpolitico.com.ar\/wordpress\/wp-json\/wp\/v2\/media\/3535"}],"wp:attachment":[{"href":"https:\/\/www.elpolitologoyelpolitico.com.ar\/wordpress\/wp-json\/wp\/v2\/media?parent=3534"}],"wp:term":[{"taxonomy":"category","embeddable":true,"href":"https:\/\/www.elpolitologoyelpolitico.com.ar\/wordpress\/wp-json\/wp\/v2\/categories?post=3534"},{"taxonomy":"post_tag","embeddable":true,"href":"https:\/\/www.elpolitologoyelpolitico.com.ar\/wordpress\/wp-json\/wp\/v2\/tags?post=3534"}],"curies":[{"name":"wp","href":"https:\/\/api.w.org\/{rel}","templated":true}]}}