{"id":3528,"date":"2021-05-28T02:50:24","date_gmt":"2021-05-28T02:50:24","guid":{"rendered":"https:\/\/www.elpolitologoyelpolitico.com.ar\/wordpress\/?p=3528"},"modified":"2021-05-28T02:50:59","modified_gmt":"2021-05-28T02:50:59","slug":"reapertura-del-fondo-municipal-para-la-reactivacion-cultural-y-turistica","status":"publish","type":"post","link":"https:\/\/www.elpolitologoyelpolitico.com.ar\/wordpress\/2021\/05\/28\/reapertura-del-fondo-municipal-para-la-reactivacion-cultural-y-turistica\/","title":{"rendered":"Reapertura del Fondo Municipal para la Reactivaci\u00f3n Cultural y Tur\u00edstica"},"content":{"rendered":"\t\t<div data-elementor-type=\"wp-post\" data-elementor-id=\"3528\" class=\"elementor elementor-3528\">\n\t\t\t\t\t\t<section class=\"elementor-section elementor-top-section elementor-element elementor-element-2e2106e4 elementor-section-boxed elementor-section-height-default elementor-section-height-default\" data-id=\"2e2106e4\" data-element_type=\"section\" data-e-type=\"section\">\n\t\t\t\t\t\t<div class=\"elementor-container elementor-column-gap-default\">\n\t\t\t\t\t<div class=\"elementor-column elementor-col-100 elementor-top-column elementor-element elementor-element-5c7dbeab\" data-id=\"5c7dbeab\" data-element_type=\"column\" data-e-type=\"column\">\n\t\t\t<div class=\"elementor-widget-wrap elementor-element-populated\">\n\t\t\t\t\t\t<div class=\"elementor-element elementor-element-2de4d883 elementor-widget elementor-widget-text-editor\" data-id=\"2de4d883\" data-element_type=\"widget\" data-e-type=\"widget\" data-widget_type=\"text-editor.default\">\n\t\t\t\t<div class=\"elementor-widget-container\">\n\t\t\t\t\t\t\t\t\t\n<p>Tras el anuncio del Gobierno de la Provincia, sobre un nuevo paquete de medidas ante la pandemia del COVID19, la Municipalidad de Patagones informa que el&nbsp; Ministerio de Producci\u00f3n, Ciencia e Innovaci\u00f3n Tecnol\u00f3gica bonaerense lanz\u00f3 una nueva etapa del \u201cFondo Especial Municipal para la Reactivaci\u00f3n Cultural y Tur\u00edstica\u00bb.<\/p>\n\n\n\n<p>En ese marco, el Estado volver\u00e1 a brindar ayuda econ\u00f3mica a los municipios que se adhieran para respaldar a los espacios culturales y tur\u00edsticos de sus jurisdicciones.<\/p>\n\n\n\n<p>Tal como se realiz\u00f3 en la primera y segunda etapa del programa, aquellos establecimientos culturales y tur\u00edsticos que quieran ser tomados en cuenta como posibles beneficiarios, deber\u00e1n inscribirse en el Cat\u00e1logo Tur\u00edstico y Cultural de la Provincia, a trav\u00e9s del sitio web https:\/\/www.catalogotc.gba.gob.ar.<\/p>\n\n\n\n<p>Las inscripciones tambi\u00e9n pueden realizarse a nivel local, a trav\u00e9s de la Subsecretar\u00eda de Desarrollo Territorial: al correo: sdtpatagones@gmail.com, o al tel\u00e9fono 2920 37-3334.<\/p>\n\n\n\n<p>De la misma manera, pueden comunicarse con la Direcci\u00f3n de Cultura: culturapatagones@gmail.com, o al tel\u00e9fono 02920- 463190.<\/p>\n\n\n\n<p>El plazo de inscripci\u00f3n es hasta el 31 de mayo, inclusive. El Fondo Especial Municipal para la Reactivaci\u00f3n Cultural y Tur\u00edstica apunta a respaldar econ\u00f3micamente a establecimientos de la Cultura y el Turismo de la Provincia de Buenos Aires, que fueron dos de los sectores m\u00e1s afectados por la pandemia debido a las restricciones sanitarias que hubo para las actividades tur\u00edsticas, culturales con p\u00fablico o en espacios cerrados.<\/p>\n\t\t\t\t\t\t\t\t<\/div>\n\t\t\t\t<\/div>\n\t\t\t\t\t<\/div>\n\t\t<\/div>\n\t\t\t\t\t<\/div>\n\t\t<\/section>\n\t\t\t\t<\/div>\n\t\t<div class=\"fb-background-color\">\n\t\t\t  <div \n\t\t\t  \tclass = \"fb-comments\" \n\t\t\t  \tdata-href = \"https:\/\/www.elpolitologoyelpolitico.com.ar\/wordpress\/2021\/05\/28\/reapertura-del-fondo-municipal-para-la-reactivacion-cultural-y-turistica\/\"\n\t\t\t  \tdata-numposts = \"10\"\n\t\t\t  \tdata-lazy = \"true\"\n\t\t\t\tdata-colorscheme = \"light\"\n\t\t\t\tdata-order-by = \"social\"\n\t\t\t\tdata-mobile=true>\n\t\t\t  <\/div><\/div>\n\t\t  <style>\n\t\t    .fb-background-color {\n\t\t\t\tbackground: #ffffff !important;\n\t\t\t}\n\t\t\t.fb_iframe_widget_fluid_desktop iframe {\n\t\t\t    width: 100% !important;\n\t\t\t}\n\t\t  <\/style>\n\t\t  ","protected":false},"excerpt":{"rendered":"<p>Tras el anuncio del Gobierno de la Provincia, sobre un nuevo paquete de medidas ante la pandemia del COVID19, la Municipalidad de Patagones informa que el&nbsp; Ministerio de Producci\u00f3n, Ciencia e Innovaci\u00f3n Tecnol\u00f3gica bonaerense lanz\u00f3 una nueva etapa del \u201cFondo Especial Municipal para la Reactivaci\u00f3n Cultural y Tur\u00edstica\u00bb. En ese marco, el Estado volver\u00e1 a [&hellip;]<\/p>\n","protected":false},"author":4,"featured_media":3529,"comment_status":"closed","ping_status":"closed","sticky":false,"template":"","format":"standard","meta":{"_joinchat":[],"footnotes":""},"categories":[4],"tags":[],"class_list":["post-3528","post","type-post","status-publish","format-standard","has-post-thumbnail","hentry","category-politicas-publicas"],"_links":{"self":[{"href":"https:\/\/www.elpolitologoyelpolitico.com.ar\/wordpress\/wp-json\/wp\/v2\/posts\/3528","targetHints":{"allow":["GET"]}}],"collection":[{"href":"https:\/\/www.elpolitologoyelpolitico.com.ar\/wordpress\/wp-json\/wp\/v2\/posts"}],"about":[{"href":"https:\/\/www.elpolitologoyelpolitico.com.ar\/wordpress\/wp-json\/wp\/v2\/types\/post"}],"author":[{"embeddable":true,"href":"https:\/\/www.elpolitologoyelpolitico.com.ar\/wordpress\/wp-json\/wp\/v2\/users\/4"}],"replies":[{"embeddable":true,"href":"https:\/\/www.elpolitologoyelpolitico.com.ar\/wordpress\/wp-json\/wp\/v2\/comments?post=3528"}],"version-history":[{"count":0,"href":"https:\/\/www.elpolitologoyelpolitico.com.ar\/wordpress\/wp-json\/wp\/v2\/posts\/3528\/revisions"}],"wp:featuredmedia":[{"embeddable":true,"href":"https:\/\/www.elpolitologoyelpolitico.com.ar\/wordpress\/wp-json\/wp\/v2\/media\/3529"}],"wp:attachment":[{"href":"https:\/\/www.elpolitologoyelpolitico.com.ar\/wordpress\/wp-json\/wp\/v2\/media?parent=3528"}],"wp:term":[{"taxonomy":"category","embeddable":true,"href":"https:\/\/www.elpolitologoyelpolitico.com.ar\/wordpress\/wp-json\/wp\/v2\/categories?post=3528"},{"taxonomy":"post_tag","embeddable":true,"href":"https:\/\/www.elpolitologoyelpolitico.com.ar\/wordpress\/wp-json\/wp\/v2\/tags?post=3528"}],"curies":[{"name":"wp","href":"https:\/\/api.w.org\/{rel}","templated":true}]}}