{"id":3519,"date":"2021-05-28T02:43:48","date_gmt":"2021-05-28T02:43:48","guid":{"rendered":"https:\/\/www.elpolitologoyelpolitico.com.ar\/wordpress\/?p=3519"},"modified":"2021-05-28T02:44:20","modified_gmt":"2021-05-28T02:44:20","slug":"la-politica-de-vacunacion-en-rio-negro-avanza","status":"publish","type":"post","link":"https:\/\/www.elpolitologoyelpolitico.com.ar\/wordpress\/2021\/05\/28\/la-politica-de-vacunacion-en-rio-negro-avanza\/","title":{"rendered":"La pol\u00edtica de vacunaci\u00f3n en R\u00edo Negro avanza"},"content":{"rendered":"\t\t<div data-elementor-type=\"wp-post\" data-elementor-id=\"3519\" class=\"elementor elementor-3519\">\n\t\t\t\t\t\t<section class=\"elementor-section elementor-top-section elementor-element elementor-element-75993ef1 elementor-section-boxed elementor-section-height-default elementor-section-height-default\" data-id=\"75993ef1\" data-element_type=\"section\" data-e-type=\"section\">\n\t\t\t\t\t\t<div class=\"elementor-container elementor-column-gap-default\">\n\t\t\t\t\t<div class=\"elementor-column elementor-col-100 elementor-top-column elementor-element elementor-element-58d65feb\" data-id=\"58d65feb\" data-element_type=\"column\" data-e-type=\"column\">\n\t\t\t<div class=\"elementor-widget-wrap elementor-element-populated\">\n\t\t\t\t\t\t<div class=\"elementor-element elementor-element-57e7b0d6 elementor-widget elementor-widget-text-editor\" data-id=\"57e7b0d6\" data-element_type=\"widget\" data-e-type=\"widget\" data-widget_type=\"text-editor.default\">\n\t\t\t\t<div class=\"elementor-widget-container\">\n\t\t\t\t\t\t\t\t\t\n<h2 class=\"wp-block-heading\"><strong>El 77,6% de los rionegrinos y rionegrinas que se inscribieron en el sistema y manifestaron su voluntad de ser vacunados ya recibieron una dosis contra el COVID-19.<\/strong><\/h2>\n\n\n\n<p>Seg\u00fan los registros al 27 de mayo, hay 198.905 personas inscriptas en el sistema VacunateRN, a trav\u00e9s de la web o del m\u00f3dulo espec\u00edfico de la aplicaci\u00f3n m\u00f3vil Circulaci\u00f3nRN.<\/p>\n\n\n\n<p>De este total, 154.473 personas (en su amplia mayor\u00eda mayores de 60 a\u00f1os) ya recibieron al menos una dosis. Eso significa el 77,6% del total de inscriptos.<\/p>\n\n\n\n<p>El plan de vacunaci\u00f3n avanza diariamente, posicionando a R\u00edo Negro como uno de los cuatro distritos del pa\u00eds con mejores \u00edndices. Las personas interesadas podr\u00e1n obtener m\u00e1s informaci\u00f3n en&nbsp;<a href=\"https:\/\/vacunate.rionegro.gov.ar\/\">https:\/\/vacunate.rionegro.gov.ar<\/a>.<\/p>\n\t\t\t\t\t\t\t\t<\/div>\n\t\t\t\t<\/div>\n\t\t\t\t\t<\/div>\n\t\t<\/div>\n\t\t\t\t\t<\/div>\n\t\t<\/section>\n\t\t\t\t<\/div>\n\t\t<div class=\"fb-background-color\">\n\t\t\t  <div \n\t\t\t  \tclass = \"fb-comments\" \n\t\t\t  \tdata-href = \"https:\/\/www.elpolitologoyelpolitico.com.ar\/wordpress\/2021\/05\/28\/la-politica-de-vacunacion-en-rio-negro-avanza\/\"\n\t\t\t  \tdata-numposts = \"10\"\n\t\t\t  \tdata-lazy = \"true\"\n\t\t\t\tdata-colorscheme = \"light\"\n\t\t\t\tdata-order-by = \"social\"\n\t\t\t\tdata-mobile=true>\n\t\t\t  <\/div><\/div>\n\t\t  <style>\n\t\t    .fb-background-color {\n\t\t\t\tbackground: #ffffff !important;\n\t\t\t}\n\t\t\t.fb_iframe_widget_fluid_desktop iframe {\n\t\t\t    width: 100% !important;\n\t\t\t}\n\t\t  <\/style>\n\t\t  ","protected":false},"excerpt":{"rendered":"<p>El 77,6% de los rionegrinos y rionegrinas que se inscribieron en el sistema y manifestaron su voluntad de ser vacunados ya recibieron una dosis contra el COVID-19. Seg\u00fan los registros al 27 de mayo, hay 198.905 personas inscriptas en el sistema VacunateRN, a trav\u00e9s de la web o del m\u00f3dulo espec\u00edfico de la aplicaci\u00f3n m\u00f3vil [&hellip;]<\/p>\n","protected":false},"author":4,"featured_media":3520,"comment_status":"closed","ping_status":"closed","sticky":false,"template":"","format":"standard","meta":{"_joinchat":[],"footnotes":""},"categories":[4],"tags":[],"class_list":["post-3519","post","type-post","status-publish","format-standard","has-post-thumbnail","hentry","category-politicas-publicas"],"_links":{"self":[{"href":"https:\/\/www.elpolitologoyelpolitico.com.ar\/wordpress\/wp-json\/wp\/v2\/posts\/3519","targetHints":{"allow":["GET"]}}],"collection":[{"href":"https:\/\/www.elpolitologoyelpolitico.com.ar\/wordpress\/wp-json\/wp\/v2\/posts"}],"about":[{"href":"https:\/\/www.elpolitologoyelpolitico.com.ar\/wordpress\/wp-json\/wp\/v2\/types\/post"}],"author":[{"embeddable":true,"href":"https:\/\/www.elpolitologoyelpolitico.com.ar\/wordpress\/wp-json\/wp\/v2\/users\/4"}],"replies":[{"embeddable":true,"href":"https:\/\/www.elpolitologoyelpolitico.com.ar\/wordpress\/wp-json\/wp\/v2\/comments?post=3519"}],"version-history":[{"count":0,"href":"https:\/\/www.elpolitologoyelpolitico.com.ar\/wordpress\/wp-json\/wp\/v2\/posts\/3519\/revisions"}],"wp:featuredmedia":[{"embeddable":true,"href":"https:\/\/www.elpolitologoyelpolitico.com.ar\/wordpress\/wp-json\/wp\/v2\/media\/3520"}],"wp:attachment":[{"href":"https:\/\/www.elpolitologoyelpolitico.com.ar\/wordpress\/wp-json\/wp\/v2\/media?parent=3519"}],"wp:term":[{"taxonomy":"category","embeddable":true,"href":"https:\/\/www.elpolitologoyelpolitico.com.ar\/wordpress\/wp-json\/wp\/v2\/categories?post=3519"},{"taxonomy":"post_tag","embeddable":true,"href":"https:\/\/www.elpolitologoyelpolitico.com.ar\/wordpress\/wp-json\/wp\/v2\/tags?post=3519"}],"curies":[{"name":"wp","href":"https:\/\/api.w.org\/{rel}","templated":true}]}}