{"id":3509,"date":"2021-05-28T01:25:20","date_gmt":"2021-05-28T01:25:20","guid":{"rendered":"https:\/\/www.elpolitologoyelpolitico.com.ar\/wordpress\/?p=3509"},"modified":"2021-05-28T02:47:15","modified_gmt":"2021-05-28T02:47:15","slug":"venimos-trabajando-hace-diez-anos-con-muy-buenos-resultados","status":"publish","type":"post","link":"https:\/\/www.elpolitologoyelpolitico.com.ar\/wordpress\/2021\/05\/28\/venimos-trabajando-hace-diez-anos-con-muy-buenos-resultados\/","title":{"rendered":"\u201cVenimos trabajando hace diez a\u00f1os con muy buenos resultados\u201d"},"content":{"rendered":"\t\t<div data-elementor-type=\"wp-post\" data-elementor-id=\"3509\" class=\"elementor elementor-3509\">\n\t\t\t\t\t\t<section class=\"elementor-section elementor-top-section elementor-element elementor-element-4626f4f1 elementor-section-boxed elementor-section-height-default elementor-section-height-default\" data-id=\"4626f4f1\" data-element_type=\"section\" data-e-type=\"section\">\n\t\t\t\t\t\t<div class=\"elementor-container elementor-column-gap-default\">\n\t\t\t\t\t<div class=\"elementor-column elementor-col-100 elementor-top-column elementor-element elementor-element-43694379\" data-id=\"43694379\" data-element_type=\"column\" data-e-type=\"column\">\n\t\t\t<div class=\"elementor-widget-wrap elementor-element-populated\">\n\t\t\t\t\t\t<div class=\"elementor-element elementor-element-961eca6 elementor-widget elementor-widget-text-editor\" data-id=\"961eca6\" data-element_type=\"widget\" data-e-type=\"widget\" data-widget_type=\"text-editor.default\">\n\t\t\t\t<div class=\"elementor-widget-container\">\n\t\t\t\t\t\t\t\t\t<p>Desde el Circulo Solidario de Espacio Rakesh se trabaja en distintas acciones solidarias destinadas a la sociedad.<\/p>\n<p>Vienen trabajando hace varios a\u00f1os, realizando donaciones a instituciones como el refugio de perros APDA.<\/p>\n<p>\u201cNo pertenecemos a ning\u00fan partido pol\u00edtico, ONG u organizaci\u00f3n religiosa, somos un grupo solidario sin fines de lucro que venimos trabajando hace 10 a\u00f1os con muy buenos resultados\u201d expreso Rosa Valsecchi.<\/p>\n<p>Varias actividades son coordinadas en conjunto con otras instituciones y organizaciones como \u201cJ\u00f3venes en acci\u00f3n\u201d, \u201croperitos solidarios de los barrios\u201d, entre otros.<\/p>\n<p>Durante estos d\u00edas van a estar recolectando frazadas y acolchados, para repartir a las distintas familias en situaci\u00f3n de vulnerabilidad.<\/p>\n<p>La p\u00e1gina de Facebook \u201cEspacio Rakesh\u201d est\u00e1 destinada como medio para aquellos que buscan colaborar y pueden comunicarse al 2920544185.<\/p>\t\t\t\t\t\t\t\t<\/div>\n\t\t\t\t<\/div>\n\t\t\t\t\t<\/div>\n\t\t<\/div>\n\t\t\t\t\t<\/div>\n\t\t<\/section>\n\t\t\t\t<\/div>\n\t\t<div class=\"fb-background-color\">\n\t\t\t  <div \n\t\t\t  \tclass = \"fb-comments\" \n\t\t\t  \tdata-href = \"https:\/\/www.elpolitologoyelpolitico.com.ar\/wordpress\/2021\/05\/28\/venimos-trabajando-hace-diez-anos-con-muy-buenos-resultados\/\"\n\t\t\t  \tdata-numposts = \"10\"\n\t\t\t  \tdata-lazy = \"true\"\n\t\t\t\tdata-colorscheme = \"light\"\n\t\t\t\tdata-order-by = \"social\"\n\t\t\t\tdata-mobile=true>\n\t\t\t  <\/div><\/div>\n\t\t  <style>\n\t\t    .fb-background-color {\n\t\t\t\tbackground: #ffffff !important;\n\t\t\t}\n\t\t\t.fb_iframe_widget_fluid_desktop iframe {\n\t\t\t    width: 100% !important;\n\t\t\t}\n\t\t  <\/style>\n\t\t  ","protected":false},"excerpt":{"rendered":"<p>Desde el Circulo Solidario de Espacio Rakesh se trabaja en distintas acciones solidarias destinadas a la sociedad. Vienen trabajando hace varios a\u00f1os, realizando donaciones a instituciones como el refugio de perros APDA. \u201cNo pertenecemos a ning\u00fan partido pol\u00edtico, ONG u organizaci\u00f3n religiosa, somos un grupo solidario sin fines de lucro que venimos trabajando hace 10 [&hellip;]<\/p>\n","protected":false},"author":4,"featured_media":3510,"comment_status":"closed","ping_status":"closed","sticky":false,"template":"","format":"standard","meta":{"_joinchat":[],"footnotes":""},"categories":[3],"tags":[],"class_list":["post-3509","post","type-post","status-publish","format-standard","has-post-thumbnail","hentry","category-actores-sociales"],"_links":{"self":[{"href":"https:\/\/www.elpolitologoyelpolitico.com.ar\/wordpress\/wp-json\/wp\/v2\/posts\/3509","targetHints":{"allow":["GET"]}}],"collection":[{"href":"https:\/\/www.elpolitologoyelpolitico.com.ar\/wordpress\/wp-json\/wp\/v2\/posts"}],"about":[{"href":"https:\/\/www.elpolitologoyelpolitico.com.ar\/wordpress\/wp-json\/wp\/v2\/types\/post"}],"author":[{"embeddable":true,"href":"https:\/\/www.elpolitologoyelpolitico.com.ar\/wordpress\/wp-json\/wp\/v2\/users\/4"}],"replies":[{"embeddable":true,"href":"https:\/\/www.elpolitologoyelpolitico.com.ar\/wordpress\/wp-json\/wp\/v2\/comments?post=3509"}],"version-history":[{"count":0,"href":"https:\/\/www.elpolitologoyelpolitico.com.ar\/wordpress\/wp-json\/wp\/v2\/posts\/3509\/revisions"}],"wp:featuredmedia":[{"embeddable":true,"href":"https:\/\/www.elpolitologoyelpolitico.com.ar\/wordpress\/wp-json\/wp\/v2\/media\/3510"}],"wp:attachment":[{"href":"https:\/\/www.elpolitologoyelpolitico.com.ar\/wordpress\/wp-json\/wp\/v2\/media?parent=3509"}],"wp:term":[{"taxonomy":"category","embeddable":true,"href":"https:\/\/www.elpolitologoyelpolitico.com.ar\/wordpress\/wp-json\/wp\/v2\/categories?post=3509"},{"taxonomy":"post_tag","embeddable":true,"href":"https:\/\/www.elpolitologoyelpolitico.com.ar\/wordpress\/wp-json\/wp\/v2\/tags?post=3509"}],"curies":[{"name":"wp","href":"https:\/\/api.w.org\/{rel}","templated":true}]}}