{"id":3497,"date":"2021-05-28T00:52:18","date_gmt":"2021-05-28T00:52:18","guid":{"rendered":"https:\/\/www.elpolitologoyelpolitico.com.ar\/wordpress\/?p=3497"},"modified":"2021-05-28T01:00:24","modified_gmt":"2021-05-28T01:00:24","slug":"el-ipap-y-su-funcion-en-rio-negro","status":"publish","type":"post","link":"https:\/\/www.elpolitologoyelpolitico.com.ar\/wordpress\/2021\/05\/28\/el-ipap-y-su-funcion-en-rio-negro\/","title":{"rendered":"El IPAP y su Funci\u00f3n en R\u00edo Negro"},"content":{"rendered":"\t\t<div data-elementor-type=\"wp-post\" data-elementor-id=\"3497\" class=\"elementor elementor-3497\">\n\t\t\t\t\t\t<section class=\"elementor-section elementor-top-section elementor-element elementor-element-6f1df178 elementor-section-boxed elementor-section-height-default elementor-section-height-default\" data-id=\"6f1df178\" data-element_type=\"section\" data-e-type=\"section\">\n\t\t\t\t\t\t<div class=\"elementor-container elementor-column-gap-default\">\n\t\t\t\t\t<div class=\"elementor-column elementor-col-100 elementor-top-column elementor-element elementor-element-2c4a6aeb\" data-id=\"2c4a6aeb\" data-element_type=\"column\" data-e-type=\"column\">\n\t\t\t<div class=\"elementor-widget-wrap elementor-element-populated\">\n\t\t\t\t\t\t<div class=\"elementor-element elementor-element-7afd5c4b elementor-widget elementor-widget-text-editor\" data-id=\"7afd5c4b\" data-element_type=\"widget\" data-e-type=\"widget\" data-widget_type=\"text-editor.default\">\n\t\t\t\t<div class=\"elementor-widget-container\">\n\t\t\t\t\t\t\t\t\t<p><\/p>\n<p>El IPAP<strong>\u00a0(INSTITUTO PROVINCIAL DE LA ADMINISTRACI\u00d3N P\u00daBLICA)\u00a0<\/strong>se dedica a la formaci\u00f3n y capacitaci\u00f3n de los empleados p\u00fablicos y tiene cierto anclaje en todo el territorio provincial, llegando a todas las ciudades y localidades para que sus habitantes tengan ciertas ofertas acad\u00e9micas.\u00a0<\/p>\n<p><\/p>\n<p><\/p>\n<p>Desde el IPAP se ofrecen cierta capacitaci\u00f3n para el empleado p\u00fablico, y en la formaci\u00f3n existen tecnicaturas virtuales y presenciales,\u00a0 sumado a esto el ciclo secundario para aquellas personas que quieran finalizar sus estudios secundarios.<\/p>\n<p><\/p>\n<p><\/p>\n<p>El objetivo de la instituci\u00f3n, es dotar a la Administraci\u00f3n P\u00fablica de un recurso humano calificado, que tenga la posibilidad de estudiar, profesionalizarse.\u00a0<\/p>\n<p><\/p>\n<p><\/p>\n<p>En estos tiempos de confinamiento estricto Provincial, el IPAP viene trabajando en conjunto con varias secretarias para realizar distintas capacitaciones para los trabajadores y trabajadoras del organismo laboral, bajo la modalidad virtual.<\/p>\n<p><\/p>\n<p><\/p>\n<p>Con la secretaria de Estado de Trabajo se brindara una capacitaci\u00f3n para los preventores, con una duraci\u00f3n de 6 a 8 meses, en diversos contenidos. Asimismo, se pretende \u00a0capacitar al personal de la secretaria de trabajo en cuestiones administrativas.<\/p>\n<p><\/p>\n<p><\/p>\n<p>Desde la instituci\u00f3n, se firm\u00f3 un convenio con la secretaria de recursos humanos con el fin de brindar cursos de capacitaci\u00f3n para el personal que trabaja con personas con discapacidad y adultos mayores. Por \u00faltimo, se firm\u00f3 un convenio con la secretaria de seguridad para llevar a cabo el curso de ascenso y jerarqu\u00eda del servicio penitenciario.<\/p>\n<p>\u00a0<\/p>\n<p><\/p>\t\t\t\t\t\t\t\t<\/div>\n\t\t\t\t<\/div>\n\t\t\t\t\t<\/div>\n\t\t<\/div>\n\t\t\t\t\t<\/div>\n\t\t<\/section>\n\t\t\t\t<section class=\"elementor-section elementor-top-section elementor-element elementor-element-051a536 elementor-section-boxed elementor-section-height-default elementor-section-height-default\" data-id=\"051a536\" data-element_type=\"section\" data-e-type=\"section\">\n\t\t\t\t\t\t<div class=\"elementor-container elementor-column-gap-default\">\n\t\t\t\t\t<div class=\"elementor-column elementor-col-100 elementor-top-column elementor-element elementor-element-d6cebdd\" data-id=\"d6cebdd\" data-element_type=\"column\" data-e-type=\"column\">\n\t\t\t<div class=\"elementor-widget-wrap elementor-element-populated\">\n\t\t\t\t\t\t<div class=\"elementor-element elementor-element-cc26483 elementor-widget elementor-widget-image\" data-id=\"cc26483\" data-element_type=\"widget\" data-e-type=\"widget\" data-widget_type=\"image.default\">\n\t\t\t\t<div class=\"elementor-widget-container\">\n\t\t\t\t\t\t\t\t\t\t\t\t\t\t\t<img fetchpriority=\"high\" decoding=\"async\" width=\"258\" height=\"196\" src=\"https:\/\/www.elpolitologoyelpolitico.com.ar\/wp-content\/uploads\/2021\/05\/descarga.png\" class=\"attachment-large size-large wp-image-3498\" alt=\"\" \/>\t\t\t\t\t\t\t\t\t\t\t\t\t\t\t<\/div>\n\t\t\t\t<\/div>\n\t\t\t\t\t<\/div>\n\t\t<\/div>\n\t\t\t\t\t<\/div>\n\t\t<\/section>\n\t\t\t\t<\/div>\n\t\t<div class=\"fb-background-color\">\n\t\t\t  <div \n\t\t\t  \tclass = \"fb-comments\" \n\t\t\t  \tdata-href = \"https:\/\/www.elpolitologoyelpolitico.com.ar\/wordpress\/2021\/05\/28\/el-ipap-y-su-funcion-en-rio-negro\/\"\n\t\t\t  \tdata-numposts = \"10\"\n\t\t\t  \tdata-lazy = \"true\"\n\t\t\t\tdata-colorscheme = \"light\"\n\t\t\t\tdata-order-by = \"social\"\n\t\t\t\tdata-mobile=true>\n\t\t\t  <\/div><\/div>\n\t\t  <style>\n\t\t    .fb-background-color {\n\t\t\t\tbackground: #ffffff !important;\n\t\t\t}\n\t\t\t.fb_iframe_widget_fluid_desktop iframe {\n\t\t\t    width: 100% !important;\n\t\t\t}\n\t\t  <\/style>\n\t\t  ","protected":false},"excerpt":{"rendered":"<p>El IPAP\u00a0(INSTITUTO PROVINCIAL DE LA ADMINISTRACI\u00d3N P\u00daBLICA)\u00a0se dedica a la formaci\u00f3n y capacitaci\u00f3n de los empleados p\u00fablicos y tiene cierto anclaje en todo el territorio provincial, llegando a todas las ciudades y localidades para que sus habitantes tengan ciertas ofertas acad\u00e9micas.\u00a0 Desde el IPAP se ofrecen cierta capacitaci\u00f3n para el empleado p\u00fablico, y en la [&hellip;]<\/p>\n","protected":false},"author":4,"featured_media":3507,"comment_status":"closed","ping_status":"closed","sticky":false,"template":"","format":"standard","meta":{"_joinchat":[],"footnotes":""},"categories":[4],"tags":[],"class_list":["post-3497","post","type-post","status-publish","format-standard","has-post-thumbnail","hentry","category-politicas-publicas"],"_links":{"self":[{"href":"https:\/\/www.elpolitologoyelpolitico.com.ar\/wordpress\/wp-json\/wp\/v2\/posts\/3497","targetHints":{"allow":["GET"]}}],"collection":[{"href":"https:\/\/www.elpolitologoyelpolitico.com.ar\/wordpress\/wp-json\/wp\/v2\/posts"}],"about":[{"href":"https:\/\/www.elpolitologoyelpolitico.com.ar\/wordpress\/wp-json\/wp\/v2\/types\/post"}],"author":[{"embeddable":true,"href":"https:\/\/www.elpolitologoyelpolitico.com.ar\/wordpress\/wp-json\/wp\/v2\/users\/4"}],"replies":[{"embeddable":true,"href":"https:\/\/www.elpolitologoyelpolitico.com.ar\/wordpress\/wp-json\/wp\/v2\/comments?post=3497"}],"version-history":[{"count":0,"href":"https:\/\/www.elpolitologoyelpolitico.com.ar\/wordpress\/wp-json\/wp\/v2\/posts\/3497\/revisions"}],"wp:featuredmedia":[{"embeddable":true,"href":"https:\/\/www.elpolitologoyelpolitico.com.ar\/wordpress\/wp-json\/wp\/v2\/media\/3507"}],"wp:attachment":[{"href":"https:\/\/www.elpolitologoyelpolitico.com.ar\/wordpress\/wp-json\/wp\/v2\/media?parent=3497"}],"wp:term":[{"taxonomy":"category","embeddable":true,"href":"https:\/\/www.elpolitologoyelpolitico.com.ar\/wordpress\/wp-json\/wp\/v2\/categories?post=3497"},{"taxonomy":"post_tag","embeddable":true,"href":"https:\/\/www.elpolitologoyelpolitico.com.ar\/wordpress\/wp-json\/wp\/v2\/tags?post=3497"}],"curies":[{"name":"wp","href":"https:\/\/api.w.org\/{rel}","templated":true}]}}