{"id":34821,"date":"2023-10-03T14:17:35","date_gmt":"2023-10-03T17:17:35","guid":{"rendered":"https:\/\/www.elpolitologoyelpolitico.com.ar\/wordpress\/?p=34821"},"modified":"2023-10-03T14:17:36","modified_gmt":"2023-10-03T17:17:36","slug":"ricardo-marino-se-reunio-con-empleados-municipales","status":"publish","type":"post","link":"https:\/\/www.elpolitologoyelpolitico.com.ar\/wordpress\/2023\/10\/03\/ricardo-marino-se-reunio-con-empleados-municipales\/","title":{"rendered":"Ricardo Marino se reuni\u00f3 con empleados municipales"},"content":{"rendered":"\n<p>El candidato de Uni\u00f3n por la Patria Ricardo Marino escuch\u00f3 las problem\u00e1ticas que atraviezan empleadas y empleados municipales. A ra\u00edz de dichas reuniones manifest\u00f3 que priorizar\u00e1 una gesti\u00f3n municipal inclusiva y profesional en relaci\u00f3n a las y los municipales.<br>Marino enfatiz\u00f3 que \u201clos empleados tendr\u00e1n un rol imperioso en mi gesti\u00f3n\u00bb.<\/p>\n\n\n\n<p>Ante la consulta por el armado de gabinete dijo: \u201creconozco el esfuerzo y la dedicaci\u00f3n de los actuales empleados municipales, y muchos de ellos ser\u00e1n jerarquizados para cumplir funciones claves en la administraci\u00f3n\u00bb.<\/p>\n\n\n\n<p>Uno de los pilares de la plataforma de Marino es promover el mejoramiento de los salarios, condiciones de trabajo dignas y la promoci\u00f3n del profesionalismo de los empleados municipales. \u201cDebemos reconocer y valorar los estudios de nuestros empleados municipales, brind\u00e1ndoles las oportunidades de capacitarse\u00bb, afirm\u00f3.<\/p>\n\n\n\n<p>\u00abNecesito de todos ellos para gobernar, necesito que todos me acompa\u00f1en en lograr tener un municipio eficiente y eficaz\u00bb, concluy\u00f3 Marino.<\/p>\n<div class=\"fb-background-color\">\n\t\t\t  <div \n\t\t\t  \tclass = \"fb-comments\" \n\t\t\t  \tdata-href = \"https:\/\/www.elpolitologoyelpolitico.com.ar\/wordpress\/2023\/10\/03\/ricardo-marino-se-reunio-con-empleados-municipales\/\"\n\t\t\t  \tdata-numposts = \"10\"\n\t\t\t  \tdata-lazy = \"true\"\n\t\t\t\tdata-colorscheme = \"light\"\n\t\t\t\tdata-order-by = \"social\"\n\t\t\t\tdata-mobile=true>\n\t\t\t  <\/div><\/div>\n\t\t  <style>\n\t\t    .fb-background-color {\n\t\t\t\tbackground: #ffffff !important;\n\t\t\t}\n\t\t\t.fb_iframe_widget_fluid_desktop iframe {\n\t\t\t    width: 100% !important;\n\t\t\t}\n\t\t  <\/style>\n\t\t  ","protected":false},"excerpt":{"rendered":"<p>El candidato de Uni\u00f3n por la Patria Ricardo Marino escuch\u00f3 las problem\u00e1ticas que atraviezan empleadas y empleados municipales. A ra\u00edz de dichas reuniones manifest\u00f3 que priorizar\u00e1 una gesti\u00f3n municipal inclusiva y profesional en relaci\u00f3n a las y los municipales.Marino enfatiz\u00f3 que \u201clos empleados tendr\u00e1n un rol imperioso en mi gesti\u00f3n\u00bb. Ante la consulta por el [&hellip;]<\/p>\n","protected":false},"author":4,"featured_media":34822,"comment_status":"closed","ping_status":"closed","sticky":false,"template":"","format":"standard","meta":{"_joinchat":[],"footnotes":""},"categories":[1],"tags":[],"class_list":["post-34821","post","type-post","status-publish","format-standard","has-post-thumbnail","hentry","category-universitario"],"_links":{"self":[{"href":"https:\/\/www.elpolitologoyelpolitico.com.ar\/wordpress\/wp-json\/wp\/v2\/posts\/34821","targetHints":{"allow":["GET"]}}],"collection":[{"href":"https:\/\/www.elpolitologoyelpolitico.com.ar\/wordpress\/wp-json\/wp\/v2\/posts"}],"about":[{"href":"https:\/\/www.elpolitologoyelpolitico.com.ar\/wordpress\/wp-json\/wp\/v2\/types\/post"}],"author":[{"embeddable":true,"href":"https:\/\/www.elpolitologoyelpolitico.com.ar\/wordpress\/wp-json\/wp\/v2\/users\/4"}],"replies":[{"embeddable":true,"href":"https:\/\/www.elpolitologoyelpolitico.com.ar\/wordpress\/wp-json\/wp\/v2\/comments?post=34821"}],"version-history":[{"count":1,"href":"https:\/\/www.elpolitologoyelpolitico.com.ar\/wordpress\/wp-json\/wp\/v2\/posts\/34821\/revisions"}],"predecessor-version":[{"id":34823,"href":"https:\/\/www.elpolitologoyelpolitico.com.ar\/wordpress\/wp-json\/wp\/v2\/posts\/34821\/revisions\/34823"}],"wp:featuredmedia":[{"embeddable":true,"href":"https:\/\/www.elpolitologoyelpolitico.com.ar\/wordpress\/wp-json\/wp\/v2\/media\/34822"}],"wp:attachment":[{"href":"https:\/\/www.elpolitologoyelpolitico.com.ar\/wordpress\/wp-json\/wp\/v2\/media?parent=34821"}],"wp:term":[{"taxonomy":"category","embeddable":true,"href":"https:\/\/www.elpolitologoyelpolitico.com.ar\/wordpress\/wp-json\/wp\/v2\/categories?post=34821"},{"taxonomy":"post_tag","embeddable":true,"href":"https:\/\/www.elpolitologoyelpolitico.com.ar\/wordpress\/wp-json\/wp\/v2\/tags?post=34821"}],"curies":[{"name":"wp","href":"https:\/\/api.w.org\/{rel}","templated":true}]}}