{"id":34794,"date":"2023-10-02T20:41:35","date_gmt":"2023-10-02T23:41:35","guid":{"rendered":"https:\/\/www.elpolitologoyelpolitico.com.ar\/wordpress\/?p=34794"},"modified":"2023-10-02T20:41:36","modified_gmt":"2023-10-02T23:41:36","slug":"patagones-marino-visito-la-feria-ubicada-en-la-plaza-villarino","status":"publish","type":"post","link":"https:\/\/www.elpolitologoyelpolitico.com.ar\/wordpress\/2023\/10\/02\/patagones-marino-visito-la-feria-ubicada-en-la-plaza-villarino\/","title":{"rendered":"PATAGONES: Marino visit\u00f3 la Feria ubicada en la Plaza Villarino"},"content":{"rendered":"\n<p>Este fin de semana, el Candidato a intendente de Uni\u00f3n por la Patria de Patagones Ricardo Marino, visit\u00f3 a los emprendedores de la Feria ubicada en la Plaza Villarino.<\/p>\n\n\n\n<p>Ademas, recorri\u00f3 la Feria de las cuatro plazas y convers\u00f3 con sus trabajadoras y trabajadores.<\/p>\n\n\n\n<p>Ricardo Marino expres\u00f3 \u00abTrabajaremos para mejorar estos espacios de encuentro.\u00bb<\/p>\n<div class=\"fb-background-color\">\n\t\t\t  <div \n\t\t\t  \tclass = \"fb-comments\" \n\t\t\t  \tdata-href = \"https:\/\/www.elpolitologoyelpolitico.com.ar\/wordpress\/2023\/10\/02\/patagones-marino-visito-la-feria-ubicada-en-la-plaza-villarino\/\"\n\t\t\t  \tdata-numposts = \"10\"\n\t\t\t  \tdata-lazy = \"true\"\n\t\t\t\tdata-colorscheme = \"light\"\n\t\t\t\tdata-order-by = \"social\"\n\t\t\t\tdata-mobile=true>\n\t\t\t  <\/div><\/div>\n\t\t  <style>\n\t\t    .fb-background-color {\n\t\t\t\tbackground: #ffffff !important;\n\t\t\t}\n\t\t\t.fb_iframe_widget_fluid_desktop iframe {\n\t\t\t    width: 100% !important;\n\t\t\t}\n\t\t  <\/style>\n\t\t  ","protected":false},"excerpt":{"rendered":"<p>Este fin de semana, el Candidato a intendente de Uni\u00f3n por la Patria de Patagones Ricardo Marino, visit\u00f3 a los emprendedores de la Feria ubicada en la Plaza Villarino. Ademas, recorri\u00f3 la Feria de las cuatro plazas y convers\u00f3 con sus trabajadoras y trabajadores. Ricardo Marino expres\u00f3 \u00abTrabajaremos para mejorar estos espacios de encuentro.\u00bb<\/p>\n","protected":false},"author":4,"featured_media":34795,"comment_status":"closed","ping_status":"closed","sticky":false,"template":"","format":"standard","meta":{"_joinchat":[],"footnotes":""},"categories":[1],"tags":[],"class_list":["post-34794","post","type-post","status-publish","format-standard","has-post-thumbnail","hentry","category-universitario"],"_links":{"self":[{"href":"https:\/\/www.elpolitologoyelpolitico.com.ar\/wordpress\/wp-json\/wp\/v2\/posts\/34794","targetHints":{"allow":["GET"]}}],"collection":[{"href":"https:\/\/www.elpolitologoyelpolitico.com.ar\/wordpress\/wp-json\/wp\/v2\/posts"}],"about":[{"href":"https:\/\/www.elpolitologoyelpolitico.com.ar\/wordpress\/wp-json\/wp\/v2\/types\/post"}],"author":[{"embeddable":true,"href":"https:\/\/www.elpolitologoyelpolitico.com.ar\/wordpress\/wp-json\/wp\/v2\/users\/4"}],"replies":[{"embeddable":true,"href":"https:\/\/www.elpolitologoyelpolitico.com.ar\/wordpress\/wp-json\/wp\/v2\/comments?post=34794"}],"version-history":[{"count":1,"href":"https:\/\/www.elpolitologoyelpolitico.com.ar\/wordpress\/wp-json\/wp\/v2\/posts\/34794\/revisions"}],"predecessor-version":[{"id":34796,"href":"https:\/\/www.elpolitologoyelpolitico.com.ar\/wordpress\/wp-json\/wp\/v2\/posts\/34794\/revisions\/34796"}],"wp:featuredmedia":[{"embeddable":true,"href":"https:\/\/www.elpolitologoyelpolitico.com.ar\/wordpress\/wp-json\/wp\/v2\/media\/34795"}],"wp:attachment":[{"href":"https:\/\/www.elpolitologoyelpolitico.com.ar\/wordpress\/wp-json\/wp\/v2\/media?parent=34794"}],"wp:term":[{"taxonomy":"category","embeddable":true,"href":"https:\/\/www.elpolitologoyelpolitico.com.ar\/wordpress\/wp-json\/wp\/v2\/categories?post=34794"},{"taxonomy":"post_tag","embeddable":true,"href":"https:\/\/www.elpolitologoyelpolitico.com.ar\/wordpress\/wp-json\/wp\/v2\/tags?post=34794"}],"curies":[{"name":"wp","href":"https:\/\/api.w.org\/{rel}","templated":true}]}}