{"id":3473,"date":"2021-05-27T15:45:39","date_gmt":"2021-05-27T15:45:39","guid":{"rendered":"https:\/\/www.elpolitologoyelpolitico.com.ar\/wordpress\/?p=3473"},"modified":"2021-05-27T15:46:07","modified_gmt":"2021-05-27T15:46:07","slug":"continuan-los-cursos-de-capacitacion-para-trabajadores-estatales-rionegrinos","status":"publish","type":"post","link":"https:\/\/www.elpolitologoyelpolitico.com.ar\/wordpress\/2021\/05\/27\/continuan-los-cursos-de-capacitacion-para-trabajadores-estatales-rionegrinos\/","title":{"rendered":"Contin\u00faan los cursos de capacitaci\u00f3n para trabajadores estatales rionegrinos"},"content":{"rendered":"\t\t<div data-elementor-type=\"wp-post\" data-elementor-id=\"3473\" class=\"elementor elementor-3473\">\n\t\t\t\t\t\t<section class=\"elementor-section elementor-top-section elementor-element elementor-element-51565be2 elementor-section-boxed elementor-section-height-default elementor-section-height-default\" data-id=\"51565be2\" data-element_type=\"section\" data-e-type=\"section\">\n\t\t\t\t\t\t<div class=\"elementor-container elementor-column-gap-default\">\n\t\t\t\t\t<div class=\"elementor-column elementor-col-100 elementor-top-column elementor-element elementor-element-370a16af\" data-id=\"370a16af\" data-element_type=\"column\" data-e-type=\"column\">\n\t\t\t<div class=\"elementor-widget-wrap elementor-element-populated\">\n\t\t\t\t\t\t<div class=\"elementor-element elementor-element-b71fab7 elementor-widget elementor-widget-text-editor\" data-id=\"b71fab7\" data-element_type=\"widget\" data-e-type=\"widget\" data-widget_type=\"text-editor.default\">\n\t\t\t\t<div class=\"elementor-widget-container\">\n\t\t\t\t\t\t\t\t\t\n<p>Con el objetivo de continuar con las capacitaciones en las condiciones que permite la situaci\u00f3n de pandemia y, por otro lado acompa\u00f1ar con tr\u00e1mites a los agentes que est\u00e1n a punto de jubilarse, la Secretar\u00eda de Estado de Trabajo mantuvo diferentes reuniones la semana pasada, como tambi\u00e9n acompa\u00f1ar los procesos jubilatorios en la Administraci\u00f3n P\u00fablica en general.<\/p>\n\n\n\n<p>Antes de que se apliquen las \u00faltimas restricciones, el secretario de Estado de Trabajo, Jorge Stopiello, junto a la subsecretaria de Capacitaci\u00f3n y Empleo, Rina Spina, recibieron al titular del IPAP, Mart\u00edn Alcalde, con quien concluyeron en la necesidad de darle continuidad a los cursos de capacitaci\u00f3n para trabajadoras y trabajadores del organismo laboral, bajo las modalidades que la situaci\u00f3n de hoy permite. Por otra parte, el licenciado Stopiello y la subsecretaria Spina tambi\u00e9n mantuvieron en esos d\u00edas una reuni\u00f3n con la gerenta local de la UDAI Anses Viedma, Evelyn Rousiot, con quien acordaron una tarea colaborativa en relaci\u00f3n a los tr\u00e1mites jubilatorios de los agentes del organismo laboral rionegrino.<\/p>\n\t\t\t\t\t\t\t\t<\/div>\n\t\t\t\t<\/div>\n\t\t\t\t\t<\/div>\n\t\t<\/div>\n\t\t\t\t\t<\/div>\n\t\t<\/section>\n\t\t\t\t<\/div>\n\t\t<div class=\"fb-background-color\">\n\t\t\t  <div \n\t\t\t  \tclass = \"fb-comments\" \n\t\t\t  \tdata-href = \"https:\/\/www.elpolitologoyelpolitico.com.ar\/wordpress\/2021\/05\/27\/continuan-los-cursos-de-capacitacion-para-trabajadores-estatales-rionegrinos\/\"\n\t\t\t  \tdata-numposts = \"10\"\n\t\t\t  \tdata-lazy = \"true\"\n\t\t\t\tdata-colorscheme = \"light\"\n\t\t\t\tdata-order-by = \"social\"\n\t\t\t\tdata-mobile=true>\n\t\t\t  <\/div><\/div>\n\t\t  <style>\n\t\t    .fb-background-color {\n\t\t\t\tbackground: #ffffff !important;\n\t\t\t}\n\t\t\t.fb_iframe_widget_fluid_desktop iframe {\n\t\t\t    width: 100% !important;\n\t\t\t}\n\t\t  <\/style>\n\t\t  ","protected":false},"excerpt":{"rendered":"<p>Con el objetivo de continuar con las capacitaciones en las condiciones que permite la situaci\u00f3n de pandemia y, por otro lado acompa\u00f1ar con tr\u00e1mites a los agentes que est\u00e1n a punto de jubilarse, la Secretar\u00eda de Estado de Trabajo mantuvo diferentes reuniones la semana pasada, como tambi\u00e9n acompa\u00f1ar los procesos jubilatorios en la Administraci\u00f3n P\u00fablica [&hellip;]<\/p>\n","protected":false},"author":4,"featured_media":3474,"comment_status":"closed","ping_status":"closed","sticky":false,"template":"","format":"standard","meta":{"_joinchat":[],"footnotes":""},"categories":[4],"tags":[],"class_list":["post-3473","post","type-post","status-publish","format-standard","has-post-thumbnail","hentry","category-politicas-publicas"],"_links":{"self":[{"href":"https:\/\/www.elpolitologoyelpolitico.com.ar\/wordpress\/wp-json\/wp\/v2\/posts\/3473","targetHints":{"allow":["GET"]}}],"collection":[{"href":"https:\/\/www.elpolitologoyelpolitico.com.ar\/wordpress\/wp-json\/wp\/v2\/posts"}],"about":[{"href":"https:\/\/www.elpolitologoyelpolitico.com.ar\/wordpress\/wp-json\/wp\/v2\/types\/post"}],"author":[{"embeddable":true,"href":"https:\/\/www.elpolitologoyelpolitico.com.ar\/wordpress\/wp-json\/wp\/v2\/users\/4"}],"replies":[{"embeddable":true,"href":"https:\/\/www.elpolitologoyelpolitico.com.ar\/wordpress\/wp-json\/wp\/v2\/comments?post=3473"}],"version-history":[{"count":0,"href":"https:\/\/www.elpolitologoyelpolitico.com.ar\/wordpress\/wp-json\/wp\/v2\/posts\/3473\/revisions"}],"wp:featuredmedia":[{"embeddable":true,"href":"https:\/\/www.elpolitologoyelpolitico.com.ar\/wordpress\/wp-json\/wp\/v2\/media\/3474"}],"wp:attachment":[{"href":"https:\/\/www.elpolitologoyelpolitico.com.ar\/wordpress\/wp-json\/wp\/v2\/media?parent=3473"}],"wp:term":[{"taxonomy":"category","embeddable":true,"href":"https:\/\/www.elpolitologoyelpolitico.com.ar\/wordpress\/wp-json\/wp\/v2\/categories?post=3473"},{"taxonomy":"post_tag","embeddable":true,"href":"https:\/\/www.elpolitologoyelpolitico.com.ar\/wordpress\/wp-json\/wp\/v2\/tags?post=3473"}],"curies":[{"name":"wp","href":"https:\/\/api.w.org\/{rel}","templated":true}]}}