{"id":3454,"date":"2021-05-27T14:29:00","date_gmt":"2021-05-27T14:29:00","guid":{"rendered":"https:\/\/www.elpolitologoyelpolitico.com.ar\/wordpress\/?p=3454"},"modified":"2021-05-27T14:29:36","modified_gmt":"2021-05-27T14:29:36","slug":"covid-en-patagones-a-la-fecha-son-mas-de-400-los-casos-positivos-activos-y-suman-72-los-fallecidos","status":"publish","type":"post","link":"https:\/\/www.elpolitologoyelpolitico.com.ar\/wordpress\/2021\/05\/27\/covid-en-patagones-a-la-fecha-son-mas-de-400-los-casos-positivos-activos-y-suman-72-los-fallecidos\/","title":{"rendered":"COVID en Patagones: A la fecha son mas de 400 los casos positivos activos y suman 72 los fallecidos."},"content":{"rendered":"\t\t<div data-elementor-type=\"wp-post\" data-elementor-id=\"3454\" class=\"elementor elementor-3454\">\n\t\t\t\t\t\t<section class=\"elementor-section elementor-top-section elementor-element elementor-element-1c2c7ef4 elementor-section-boxed elementor-section-height-default elementor-section-height-default\" data-id=\"1c2c7ef4\" data-element_type=\"section\" data-e-type=\"section\">\n\t\t\t\t\t\t<div class=\"elementor-container elementor-column-gap-default\">\n\t\t\t\t\t<div class=\"elementor-column elementor-col-100 elementor-top-column elementor-element elementor-element-7184d3ce\" data-id=\"7184d3ce\" data-element_type=\"column\" data-e-type=\"column\">\n\t\t\t<div class=\"elementor-widget-wrap elementor-element-populated\">\n\t\t\t\t\t\t<div class=\"elementor-element elementor-element-8a43140 elementor-widget elementor-widget-text-editor\" data-id=\"8a43140\" data-element_type=\"widget\" data-e-type=\"widget\" data-widget_type=\"text-editor.default\">\n\t\t\t\t<div class=\"elementor-widget-container\">\n\t\t\t\t\t\t\t\t\t\n<p>La Secretar\u00eda de Salud de Patagones confirm\u00f3 que se registraron 70 nuevos casos positivos de COVID en Patagones.<\/p>\n\n\n\n<p>Adem\u00e1s, fueron descartados 37 sospechosos, mientras que 32 pacientes recibieron el alta.<\/p>\n\n\n\n<p>A la fecha, son 414 los positivos activos, 3423 los estudios con resultado negativo y 2403 los pacientes recuperados.<\/p>\n\n\n\n<p>En las \u00faltimas horas, se registraron dos fallecimientos, por lo que, desde el inicio de la pandemia, suman 72 los fallecidos.<\/p>\n\n\n\n<p>Se recuerda a la poblaci\u00f3n que se encuentran en vigencia las disposiciones del Gobierno Nacional, hasta el domingo 30 de mayo, inclusive:<\/p>\n\n\n\n<p>&#8211; Est\u00e1n habilitados los comercios esenciales y los locales gastron\u00f3micos con delivery.<\/p>\n\n\n\n<p>&#8211; Se puede circular de 6 a 18 horas, en las cercan\u00edas del domicilio.<\/p>\n\n\n\n<p>-Est\u00e1n suspendidas las actividades sociales, tur\u00edsticas, educativas, culturales, religiosas y&nbsp; deportivas en forma presencial y al aire libre.<\/p>\n\n\n\n<p>Del mismo modo, se insta a continuar con las medidas preventivas; uso del cubrebocas, constante lavado de manos y el uso de alcohol. La actualizaci\u00f3n de datos con respecto al COVID se continuar\u00e1 brindando diariamente, a trav\u00e9s de los canales oficiales.<\/p>\n\t\t\t\t\t\t\t\t<\/div>\n\t\t\t\t<\/div>\n\t\t\t\t\t<\/div>\n\t\t<\/div>\n\t\t\t\t\t<\/div>\n\t\t<\/section>\n\t\t\t\t<\/div>\n\t\t<div class=\"fb-background-color\">\n\t\t\t  <div \n\t\t\t  \tclass = \"fb-comments\" \n\t\t\t  \tdata-href = \"https:\/\/www.elpolitologoyelpolitico.com.ar\/wordpress\/2021\/05\/27\/covid-en-patagones-a-la-fecha-son-mas-de-400-los-casos-positivos-activos-y-suman-72-los-fallecidos\/\"\n\t\t\t  \tdata-numposts = \"10\"\n\t\t\t  \tdata-lazy = \"true\"\n\t\t\t\tdata-colorscheme = \"light\"\n\t\t\t\tdata-order-by = \"social\"\n\t\t\t\tdata-mobile=true>\n\t\t\t  <\/div><\/div>\n\t\t  <style>\n\t\t    .fb-background-color {\n\t\t\t\tbackground: #ffffff !important;\n\t\t\t}\n\t\t\t.fb_iframe_widget_fluid_desktop iframe {\n\t\t\t    width: 100% !important;\n\t\t\t}\n\t\t  <\/style>\n\t\t  ","protected":false},"excerpt":{"rendered":"<p>La Secretar\u00eda de Salud de Patagones confirm\u00f3 que se registraron 70 nuevos casos positivos de COVID en Patagones. Adem\u00e1s, fueron descartados 37 sospechosos, mientras que 32 pacientes recibieron el alta. A la fecha, son 414 los positivos activos, 3423 los estudios con resultado negativo y 2403 los pacientes recuperados. En las \u00faltimas horas, se registraron [&hellip;]<\/p>\n","protected":false},"author":4,"featured_media":3455,"comment_status":"closed","ping_status":"closed","sticky":false,"template":"","format":"standard","meta":{"_joinchat":[],"footnotes":""},"categories":[39],"tags":[],"class_list":["post-3454","post","type-post","status-publish","format-standard","has-post-thumbnail","hentry","category-en-esta-seccion"],"_links":{"self":[{"href":"https:\/\/www.elpolitologoyelpolitico.com.ar\/wordpress\/wp-json\/wp\/v2\/posts\/3454","targetHints":{"allow":["GET"]}}],"collection":[{"href":"https:\/\/www.elpolitologoyelpolitico.com.ar\/wordpress\/wp-json\/wp\/v2\/posts"}],"about":[{"href":"https:\/\/www.elpolitologoyelpolitico.com.ar\/wordpress\/wp-json\/wp\/v2\/types\/post"}],"author":[{"embeddable":true,"href":"https:\/\/www.elpolitologoyelpolitico.com.ar\/wordpress\/wp-json\/wp\/v2\/users\/4"}],"replies":[{"embeddable":true,"href":"https:\/\/www.elpolitologoyelpolitico.com.ar\/wordpress\/wp-json\/wp\/v2\/comments?post=3454"}],"version-history":[{"count":0,"href":"https:\/\/www.elpolitologoyelpolitico.com.ar\/wordpress\/wp-json\/wp\/v2\/posts\/3454\/revisions"}],"wp:featuredmedia":[{"embeddable":true,"href":"https:\/\/www.elpolitologoyelpolitico.com.ar\/wordpress\/wp-json\/wp\/v2\/media\/3455"}],"wp:attachment":[{"href":"https:\/\/www.elpolitologoyelpolitico.com.ar\/wordpress\/wp-json\/wp\/v2\/media?parent=3454"}],"wp:term":[{"taxonomy":"category","embeddable":true,"href":"https:\/\/www.elpolitologoyelpolitico.com.ar\/wordpress\/wp-json\/wp\/v2\/categories?post=3454"},{"taxonomy":"post_tag","embeddable":true,"href":"https:\/\/www.elpolitologoyelpolitico.com.ar\/wordpress\/wp-json\/wp\/v2\/tags?post=3454"}],"curies":[{"name":"wp","href":"https:\/\/api.w.org\/{rel}","templated":true}]}}