{"id":3442,"date":"2021-05-27T01:13:40","date_gmt":"2021-05-27T01:13:40","guid":{"rendered":"https:\/\/www.elpolitologoyelpolitico.com.ar\/wordpress\/?p=3442"},"modified":"2021-05-27T01:14:03","modified_gmt":"2021-05-27T01:14:03","slug":"covid-19-la-provincia-ya-puso-a-disposicion-la-asistencia-economica-para-los-sectores-comerciantes","status":"publish","type":"post","link":"https:\/\/www.elpolitologoyelpolitico.com.ar\/wordpress\/2021\/05\/27\/covid-19-la-provincia-ya-puso-a-disposicion-la-asistencia-economica-para-los-sectores-comerciantes\/","title":{"rendered":"Covid- 19: La provincia ya puso a disposici\u00f3n la asistencia econ\u00f3mica para los sectores comerciantes."},"content":{"rendered":"\t\t<div data-elementor-type=\"wp-post\" data-elementor-id=\"3442\" class=\"elementor elementor-3442\">\n\t\t\t\t\t\t<section class=\"elementor-section elementor-top-section elementor-element elementor-element-4c531207 elementor-section-boxed elementor-section-height-default elementor-section-height-default\" data-id=\"4c531207\" data-element_type=\"section\" data-e-type=\"section\">\n\t\t\t\t\t\t<div class=\"elementor-container elementor-column-gap-default\">\n\t\t\t\t\t<div class=\"elementor-column elementor-col-100 elementor-top-column elementor-element elementor-element-625a6f5c\" data-id=\"625a6f5c\" data-element_type=\"column\" data-e-type=\"column\">\n\t\t\t<div class=\"elementor-widget-wrap elementor-element-populated\">\n\t\t\t\t\t\t<div class=\"elementor-element elementor-element-7966b711 elementor-widget elementor-widget-text-editor\" data-id=\"7966b711\" data-element_type=\"widget\" data-e-type=\"widget\" data-widget_type=\"text-editor.default\">\n\t\t\t\t<div class=\"elementor-widget-container\">\n\t\t\t\t\t\t\t\t\t\n<p>A partir de este mi\u00e9rcoles, las personas interesadas en los subsidios a los comercios podr\u00e1n inscribirse de manera online en el sitio oficial de la Agencia CREAR.<\/p>\n\n\n\n<p>Los subsidios llegar\u00e1n a un m\u00e1ximo de $45.000 en los monotributistas (en la categor\u00eda superior) y a los $70.000 en los comerciantes responsables inscriptos.<\/p>\n\n\n\n<p>La asistencia para el comercio es de $100.000.000, mientras que se estima un aporte total de $347.000.000, con otros $80.000.000 para entidades deportivas y culturales.&nbsp;<\/p>\n\n\n\n<p>Las actividades alcanzadas fueron incluidas en el decreto 02\/2021, presentado el pasado s\u00e1bado por el Gobierno rionegrino, centrado inicialmente en las medidas impositivas.<\/p>\n\n\n\n<p>Ese anexo consigna 57 c\u00f3digos de \u201cactividades econ\u00f3micas\u201d, incluyendo a los sectores alcanzados por los subsidios que son: &nbsp;alquileres de veh\u00edculos, equipos, salones de eventos y de prendas; servicios de transporte, en sus distintas variantes; discotecas, salones de bailes, servicios de entretenimientos, restaurantes, venta de comidas, hoteles y todo tipo de alojamiento; agencias de viaje y servicios tur\u00edsticos; gimnasios; servicios culturales, como as\u00ed tambi\u00e9n guarder\u00edas y jardines maternales. Desde hoy estar\u00e1n las planillas de solicitud de subsidios en la p\u00e1gina web de la Agencia Crear&nbsp;<a href=\"http:\/\/www.crear.rionegro.gov.ar\/\">www.crear.rionegro.gov.ar<\/a>&nbsp; o trav\u00e9s del siguiente link:&nbsp;<a href=\"https:\/\/forms.gle\/rEVAhnhMcn9jaakv5\">https:\/\/forms.gle\/rEVAhnhMcn9jaakv5<\/a><\/p>\n\t\t\t\t\t\t\t\t<\/div>\n\t\t\t\t<\/div>\n\t\t\t\t\t<\/div>\n\t\t<\/div>\n\t\t\t\t\t<\/div>\n\t\t<\/section>\n\t\t\t\t<\/div>\n\t\t<div class=\"fb-background-color\">\n\t\t\t  <div \n\t\t\t  \tclass = \"fb-comments\" \n\t\t\t  \tdata-href = \"https:\/\/www.elpolitologoyelpolitico.com.ar\/wordpress\/2021\/05\/27\/covid-19-la-provincia-ya-puso-a-disposicion-la-asistencia-economica-para-los-sectores-comerciantes\/\"\n\t\t\t  \tdata-numposts = \"10\"\n\t\t\t  \tdata-lazy = \"true\"\n\t\t\t\tdata-colorscheme = \"light\"\n\t\t\t\tdata-order-by = \"social\"\n\t\t\t\tdata-mobile=true>\n\t\t\t  <\/div><\/div>\n\t\t  <style>\n\t\t    .fb-background-color {\n\t\t\t\tbackground: #ffffff !important;\n\t\t\t}\n\t\t\t.fb_iframe_widget_fluid_desktop iframe {\n\t\t\t    width: 100% !important;\n\t\t\t}\n\t\t  <\/style>\n\t\t  ","protected":false},"excerpt":{"rendered":"<p>A partir de este mi\u00e9rcoles, las personas interesadas en los subsidios a los comercios podr\u00e1n inscribirse de manera online en el sitio oficial de la Agencia CREAR. Los subsidios llegar\u00e1n a un m\u00e1ximo de $45.000 en los monotributistas (en la categor\u00eda superior) y a los $70.000 en los comerciantes responsables inscriptos. La asistencia para el [&hellip;]<\/p>\n","protected":false},"author":4,"featured_media":3443,"comment_status":"closed","ping_status":"closed","sticky":false,"template":"","format":"standard","meta":{"_joinchat":[],"footnotes":""},"categories":[4],"tags":[],"class_list":["post-3442","post","type-post","status-publish","format-standard","has-post-thumbnail","hentry","category-politicas-publicas"],"_links":{"self":[{"href":"https:\/\/www.elpolitologoyelpolitico.com.ar\/wordpress\/wp-json\/wp\/v2\/posts\/3442","targetHints":{"allow":["GET"]}}],"collection":[{"href":"https:\/\/www.elpolitologoyelpolitico.com.ar\/wordpress\/wp-json\/wp\/v2\/posts"}],"about":[{"href":"https:\/\/www.elpolitologoyelpolitico.com.ar\/wordpress\/wp-json\/wp\/v2\/types\/post"}],"author":[{"embeddable":true,"href":"https:\/\/www.elpolitologoyelpolitico.com.ar\/wordpress\/wp-json\/wp\/v2\/users\/4"}],"replies":[{"embeddable":true,"href":"https:\/\/www.elpolitologoyelpolitico.com.ar\/wordpress\/wp-json\/wp\/v2\/comments?post=3442"}],"version-history":[{"count":0,"href":"https:\/\/www.elpolitologoyelpolitico.com.ar\/wordpress\/wp-json\/wp\/v2\/posts\/3442\/revisions"}],"wp:featuredmedia":[{"embeddable":true,"href":"https:\/\/www.elpolitologoyelpolitico.com.ar\/wordpress\/wp-json\/wp\/v2\/media\/3443"}],"wp:attachment":[{"href":"https:\/\/www.elpolitologoyelpolitico.com.ar\/wordpress\/wp-json\/wp\/v2\/media?parent=3442"}],"wp:term":[{"taxonomy":"category","embeddable":true,"href":"https:\/\/www.elpolitologoyelpolitico.com.ar\/wordpress\/wp-json\/wp\/v2\/categories?post=3442"},{"taxonomy":"post_tag","embeddable":true,"href":"https:\/\/www.elpolitologoyelpolitico.com.ar\/wordpress\/wp-json\/wp\/v2\/tags?post=3442"}],"curies":[{"name":"wp","href":"https:\/\/api.w.org\/{rel}","templated":true}]}}