{"id":3436,"date":"2021-05-26T22:46:23","date_gmt":"2021-05-26T22:46:23","guid":{"rendered":"https:\/\/www.elpolitologoyelpolitico.com.ar\/wordpress\/?p=3436"},"modified":"2021-05-26T22:47:16","modified_gmt":"2021-05-26T22:47:16","slug":"en-el-dia-nacional-del-libro-se-invita-a-la-comunidad-a-participar-por-el-derecho-a-leer","status":"publish","type":"post","link":"https:\/\/www.elpolitologoyelpolitico.com.ar\/wordpress\/2021\/05\/26\/en-el-dia-nacional-del-libro-se-invita-a-la-comunidad-a-participar-por-el-derecho-a-leer\/","title":{"rendered":"En el D\u00eda Nacional del Libro se invita a la comunidad a participar \u201cpor el derecho a leer\u201d"},"content":{"rendered":"\t\t<div data-elementor-type=\"wp-post\" data-elementor-id=\"3436\" class=\"elementor elementor-3436\">\n\t\t\t\t\t\t<section class=\"elementor-section elementor-top-section elementor-element elementor-element-201d44e elementor-section-boxed elementor-section-height-default elementor-section-height-default\" data-id=\"201d44e\" data-element_type=\"section\" data-e-type=\"section\">\n\t\t\t\t\t\t<div class=\"elementor-container elementor-column-gap-default\">\n\t\t\t\t\t<div class=\"elementor-column elementor-col-100 elementor-top-column elementor-element elementor-element-4e870a21\" data-id=\"4e870a21\" data-element_type=\"column\" data-e-type=\"column\">\n\t\t\t<div class=\"elementor-widget-wrap elementor-element-populated\">\n\t\t\t\t\t\t<div class=\"elementor-element elementor-element-75841241 elementor-widget elementor-widget-text-editor\" data-id=\"75841241\" data-element_type=\"widget\" data-e-type=\"widget\" data-widget_type=\"text-editor.default\">\n\t\t\t\t<div class=\"elementor-widget-container\">\n\t\t\t\t\t\t\t\t\t\n<p><strong>En<\/strong><strong> el marco del D\u00eda Nacional del Libro, el Gobierno de Viedma a trav\u00e9s de la Editorial Municipal invita a la comunidad a participar de una recopilaci\u00f3n de frases, poemas, microrrelatos, fragmentos de novelas, cuentos para compartir en un video que se expondr\u00e1 ese d\u00eda.<\/strong><\/p>\n\n\n\n<p>Bajo el lema \u201cPor el derecho a leer\u201d y teniendo en cuenta el contexto de pandemia que atravesamos, el mismo martes 15 de junio se llevar\u00e1n a cabo actividades vinculadas con la lectura de manera virtual.<\/p>\n\n\n\n<p>El video para participar de la actividad no deber\u00e1 tener una duraci\u00f3n de m\u00e1s de dos minutos y deber\u00e1 comenzar con la frase: \u201cleer es un derecho\u2026Soy (nombre y apellido) soy de (lugar de referencia) hoy te comparto (nombre del texto, libro o autor, y el cierre mostrando la tapa del libro) \u201cquince de junio D\u00eda Nacional del Libro\u201d<\/p>\n\n\n\n<p>Una recomendaci\u00f3n para tener en cuenta al momento de grabarlo ser\u00e1 hacerlo de manera horizontal, con buena luz. Una vez grabado el material deber\u00e1 ser enviado a la direcci\u00f3n de email editorialviedma@gmail.com<\/p>\n\n\n\n<p>Al respecto la directora de la Editorial Municipal agreg\u00f3 que \u201cdesde la editorial municipal queremos que sea un d\u00eda en el que se evidencie el enriquecimiento y el placer del encuentro con los libros por este motivo invitamos a la comunidad a participar, poni\u00e9ndole voz a los textos\u201d<\/p>\n\n\n\n<p>Desde hace algunas semanas se comenzaron a delinear actividades articuladas con diferentes instituciones, que de manera conjunta llevar\u00e1n a cabo de manera virtual&nbsp; narraciones, lecturas de autores, suelta de libros en espacios p\u00fablicos,, tendales de lectura, entre otras.<\/p>\n\n\n\n<p>De la organizaci\u00f3n de actividades participan miembros de la biblioteca de El C\u00f3ndor, la biblioteca \u201cDel Ni\u00f1o\u201d, Del Maestro, la biblioteca del barrio Guido y del barrio Zatti, de la Legislatura y de la Universidad Nacional del Comahue, las librer\u00edas de El Limonero Real, Chulapas, Don Quijote y Rocamadour. Esta actividad es coordinada a trav\u00e9s de la Editorial Municipal del Gobierno de Viedma&nbsp; en conjunto con la Secretar\u00eda de Estado Provincial, a trav\u00e9s de la Subsecretar\u00eda de Patrimonio y Cooperaci\u00f3n Cultural<\/p>\n\t\t\t\t\t\t\t\t<\/div>\n\t\t\t\t<\/div>\n\t\t\t\t\t<\/div>\n\t\t<\/div>\n\t\t\t\t\t<\/div>\n\t\t<\/section>\n\t\t\t\t<\/div>\n\t\t<div class=\"fb-background-color\">\n\t\t\t  <div \n\t\t\t  \tclass = \"fb-comments\" \n\t\t\t  \tdata-href = \"https:\/\/www.elpolitologoyelpolitico.com.ar\/wordpress\/2021\/05\/26\/en-el-dia-nacional-del-libro-se-invita-a-la-comunidad-a-participar-por-el-derecho-a-leer\/\"\n\t\t\t  \tdata-numposts = \"10\"\n\t\t\t  \tdata-lazy = \"true\"\n\t\t\t\tdata-colorscheme = \"light\"\n\t\t\t\tdata-order-by = \"social\"\n\t\t\t\tdata-mobile=true>\n\t\t\t  <\/div><\/div>\n\t\t  <style>\n\t\t    .fb-background-color {\n\t\t\t\tbackground: #ffffff !important;\n\t\t\t}\n\t\t\t.fb_iframe_widget_fluid_desktop iframe {\n\t\t\t    width: 100% !important;\n\t\t\t}\n\t\t  <\/style>\n\t\t  ","protected":false},"excerpt":{"rendered":"<p>En el marco del D\u00eda Nacional del Libro, el Gobierno de Viedma a trav\u00e9s de la Editorial Municipal invita a la comunidad a participar de una recopilaci\u00f3n de frases, poemas, microrrelatos, fragmentos de novelas, cuentos para compartir en un video que se expondr\u00e1 ese d\u00eda. Bajo el lema \u201cPor el derecho a leer\u201d y teniendo [&hellip;]<\/p>\n","protected":false},"author":4,"featured_media":3437,"comment_status":"closed","ping_status":"closed","sticky":false,"template":"","format":"standard","meta":{"_joinchat":[],"footnotes":""},"categories":[39],"tags":[],"class_list":["post-3436","post","type-post","status-publish","format-standard","has-post-thumbnail","hentry","category-en-esta-seccion"],"_links":{"self":[{"href":"https:\/\/www.elpolitologoyelpolitico.com.ar\/wordpress\/wp-json\/wp\/v2\/posts\/3436","targetHints":{"allow":["GET"]}}],"collection":[{"href":"https:\/\/www.elpolitologoyelpolitico.com.ar\/wordpress\/wp-json\/wp\/v2\/posts"}],"about":[{"href":"https:\/\/www.elpolitologoyelpolitico.com.ar\/wordpress\/wp-json\/wp\/v2\/types\/post"}],"author":[{"embeddable":true,"href":"https:\/\/www.elpolitologoyelpolitico.com.ar\/wordpress\/wp-json\/wp\/v2\/users\/4"}],"replies":[{"embeddable":true,"href":"https:\/\/www.elpolitologoyelpolitico.com.ar\/wordpress\/wp-json\/wp\/v2\/comments?post=3436"}],"version-history":[{"count":0,"href":"https:\/\/www.elpolitologoyelpolitico.com.ar\/wordpress\/wp-json\/wp\/v2\/posts\/3436\/revisions"}],"wp:featuredmedia":[{"embeddable":true,"href":"https:\/\/www.elpolitologoyelpolitico.com.ar\/wordpress\/wp-json\/wp\/v2\/media\/3437"}],"wp:attachment":[{"href":"https:\/\/www.elpolitologoyelpolitico.com.ar\/wordpress\/wp-json\/wp\/v2\/media?parent=3436"}],"wp:term":[{"taxonomy":"category","embeddable":true,"href":"https:\/\/www.elpolitologoyelpolitico.com.ar\/wordpress\/wp-json\/wp\/v2\/categories?post=3436"},{"taxonomy":"post_tag","embeddable":true,"href":"https:\/\/www.elpolitologoyelpolitico.com.ar\/wordpress\/wp-json\/wp\/v2\/tags?post=3436"}],"curies":[{"name":"wp","href":"https:\/\/api.w.org\/{rel}","templated":true}]}}