{"id":3419,"date":"2021-05-26T19:07:00","date_gmt":"2021-05-26T19:07:00","guid":{"rendered":"https:\/\/www.elpolitologoyelpolitico.com.ar\/wordpress\/?p=3419"},"modified":"2021-05-26T22:07:09","modified_gmt":"2021-05-26T22:07:09","slug":"el-fdt-solicita-informacion-sobre-el-funcionamiento-del-programa-acompanar","status":"publish","type":"post","link":"https:\/\/www.elpolitologoyelpolitico.com.ar\/wordpress\/2021\/05\/26\/el-fdt-solicita-informacion-sobre-el-funcionamiento-del-programa-acompanar\/","title":{"rendered":"EL FDT SOLICITA INFORMACI\u00d3N SOBRE EL FUNCIONAMIENTO DEL PROGRAMA \u201cACOMPA\u00d1AR\u201d"},"content":{"rendered":"\t\t<div data-elementor-type=\"wp-post\" data-elementor-id=\"3419\" class=\"elementor elementor-3419\">\n\t\t\t\t\t\t<section class=\"elementor-section elementor-top-section elementor-element elementor-element-18b8045f elementor-section-boxed elementor-section-height-default elementor-section-height-default\" data-id=\"18b8045f\" data-element_type=\"section\" data-e-type=\"section\">\n\t\t\t\t\t\t<div class=\"elementor-container elementor-column-gap-default\">\n\t\t\t\t\t<div class=\"elementor-column elementor-col-100 elementor-top-column elementor-element elementor-element-7e20abdc\" data-id=\"7e20abdc\" data-element_type=\"column\" data-e-type=\"column\">\n\t\t\t<div class=\"elementor-widget-wrap elementor-element-populated\">\n\t\t\t\t\t\t<div class=\"elementor-element elementor-element-5aea247c elementor-widget elementor-widget-text-editor\" data-id=\"5aea247c\" data-element_type=\"widget\" data-e-type=\"widget\" data-widget_type=\"text-editor.default\">\n\t\t\t\t<div class=\"elementor-widget-container\">\n\t\t\t\t\t\t\t\t\t\n<p>El programa nacional brinda asistencia directa y acompa\u00f1amiento a personas en situaci\u00f3n de riesgo de violencia por motivos de g\u00e9nero.&nbsp;&nbsp;<\/p>\n\n\n\n<p>La legisladora del Frente de Todos, Mar\u00eda In\u00e9s Grandoso y varios integrantes de su bloque impulsaron un pedido de informes para conocer acerca de la implementaci\u00f3n del Programa \u201cAcompa\u00f1ar\u201d de asistencia directa y contenci\u00f3n a personas en situaci\u00f3n de riesgo de violencias por motivos de G\u00e9nero.&nbsp;<\/p>\n\n\n\n<p>El escrito est\u00e1 dirigido a la&nbsp;Secretar\u00eda de Coordinaci\u00f3n de Pol\u00edticas P\u00fablicas con Perspectiva de G\u00e9nero del Ministerio de Gobierno y Comunidad y a la Secretar\u00eda de Igualdad de G\u00e9neros del Ministerio de Desarrollo Humano y Articulaci\u00f3n Solidaria.&nbsp;<\/p>\n\n\n\n<p>Entre sus ejes el pedido de informes solicita copia del Convenio establecido entre de R\u00edo Negro y el Ministerio de las Mujeres, G\u00e9nero y Diversidad de la Naci\u00f3n en el marco de la implementaci\u00f3n del Programa \u201cAcompa\u00f1ar\u201d. Se requiere adem\u00e1s que se enumeren las Unidades de Ingreso y Acompa\u00f1amiento constituidas en la provincia, indicando localidad y alcance territorial de cada una.&nbsp;&nbsp;<\/p>\n\n\n\n<p>Por otro lado, se piden detalles de los lineamientos y procedimientos establecidos para la implementaci\u00f3n y seguimiento del programa seg\u00fan lo establecido desde Naci\u00f3n.&nbsp;<\/p>\n\n\n\n<p>Para cerrar, la solicitud del FdT, reclama que se describan las acciones concretas que desarrolla la Provincia para el abordaje integral en pos del fortalecimiento psicosocial de las personas alcanzadas por el programa \u201cAcompa\u00f1ar\u201d y agrega que se informe cu\u00e1les son las medidas para difundir y territorializar la informaci\u00f3n y garantizar la accesibilidad a todas las personas en riesgo de violencia de g\u00e9nero.<\/p>\n\n\n\n<p>\u201cJunto a legisladores y legisladoras del bloque, solicitamos al Ejecutivo que nos informe la cantidad de personas \u2013beneficiarias- en situaci\u00f3n de riesgo de violencia por motivos de g\u00e9nero, discriminando por localidad y Comisi\u00f3n de Fomento, desde el comienzo de la implementaci\u00f3n del programa hasta el d\u00eda de la fecha\u201d, indic\u00f3 Maria In\u00e9s Grandoso.<\/p>\n\n\n\n<p>\u201cEs importante, para nosotros, conocer la cantidad de personas asignadas y a qui\u00e9nes se les est\u00e1 tramitando el programa. Por tanto, requerimos a los organismos pertinentes que describan las acciones concretas que desarrolla la provincia para el abordaje integral de los casos\u201d, agreg\u00f3.<\/p>\n\n\n\n<p>El proyecto fue presentado por Mar\u00eda In\u00e9s Grandoso, junto a Mar\u00eda Eugenia Martini, Gabriela Abraham, Mar\u00eda Alejandra Mas, Daniela Salzotto, Luis Noale, Pablo Barreno, Jos\u00e9 Luis Berros, Ignacio Casamiquela y Alejandro Marinao<\/p>\n\n\n\n<p>Los legisladores y legisladoras firmantes se hicieron eco, entre otros aportes realizados desde colectivos de g\u00e9nero, del cuestionamiento expresado a trav\u00e9s de una carta abierta enviada desde la Multisectorial de Mujeres y Disidencias de San Antonio Oeste, Las Grutas y Puerto del Este a funcionarios judiciales, policiales y del Ejecutivo de R\u00edo Negro.&nbsp;<\/p>\n\t\t\t\t\t\t\t\t<\/div>\n\t\t\t\t<\/div>\n\t\t\t\t\t<\/div>\n\t\t<\/div>\n\t\t\t\t\t<\/div>\n\t\t<\/section>\n\t\t\t\t<\/div>\n\t\t<div class=\"fb-background-color\">\n\t\t\t  <div \n\t\t\t  \tclass = \"fb-comments\" \n\t\t\t  \tdata-href = \"https:\/\/www.elpolitologoyelpolitico.com.ar\/wordpress\/2021\/05\/26\/el-fdt-solicita-informacion-sobre-el-funcionamiento-del-programa-acompanar\/\"\n\t\t\t  \tdata-numposts = \"10\"\n\t\t\t  \tdata-lazy = \"true\"\n\t\t\t\tdata-colorscheme = \"light\"\n\t\t\t\tdata-order-by = \"social\"\n\t\t\t\tdata-mobile=true>\n\t\t\t  <\/div><\/div>\n\t\t  <style>\n\t\t    .fb-background-color {\n\t\t\t\tbackground: #ffffff !important;\n\t\t\t}\n\t\t\t.fb_iframe_widget_fluid_desktop iframe {\n\t\t\t    width: 100% !important;\n\t\t\t}\n\t\t  <\/style>\n\t\t  ","protected":false},"excerpt":{"rendered":"<p>El programa nacional brinda asistencia directa y acompa\u00f1amiento a personas en situaci\u00f3n de riesgo de violencia por motivos de g\u00e9nero.&nbsp;&nbsp; La legisladora del Frente de Todos, Mar\u00eda In\u00e9s Grandoso y varios integrantes de su bloque impulsaron un pedido de informes para conocer acerca de la implementaci\u00f3n del Programa \u201cAcompa\u00f1ar\u201d de asistencia directa y contenci\u00f3n a [&hellip;]<\/p>\n","protected":false},"author":4,"featured_media":3420,"comment_status":"closed","ping_status":"closed","sticky":false,"template":"","format":"standard","meta":{"_joinchat":[],"footnotes":""},"categories":[39],"tags":[],"class_list":["post-3419","post","type-post","status-publish","format-standard","has-post-thumbnail","hentry","category-en-esta-seccion"],"_links":{"self":[{"href":"https:\/\/www.elpolitologoyelpolitico.com.ar\/wordpress\/wp-json\/wp\/v2\/posts\/3419","targetHints":{"allow":["GET"]}}],"collection":[{"href":"https:\/\/www.elpolitologoyelpolitico.com.ar\/wordpress\/wp-json\/wp\/v2\/posts"}],"about":[{"href":"https:\/\/www.elpolitologoyelpolitico.com.ar\/wordpress\/wp-json\/wp\/v2\/types\/post"}],"author":[{"embeddable":true,"href":"https:\/\/www.elpolitologoyelpolitico.com.ar\/wordpress\/wp-json\/wp\/v2\/users\/4"}],"replies":[{"embeddable":true,"href":"https:\/\/www.elpolitologoyelpolitico.com.ar\/wordpress\/wp-json\/wp\/v2\/comments?post=3419"}],"version-history":[{"count":0,"href":"https:\/\/www.elpolitologoyelpolitico.com.ar\/wordpress\/wp-json\/wp\/v2\/posts\/3419\/revisions"}],"wp:featuredmedia":[{"embeddable":true,"href":"https:\/\/www.elpolitologoyelpolitico.com.ar\/wordpress\/wp-json\/wp\/v2\/media\/3420"}],"wp:attachment":[{"href":"https:\/\/www.elpolitologoyelpolitico.com.ar\/wordpress\/wp-json\/wp\/v2\/media?parent=3419"}],"wp:term":[{"taxonomy":"category","embeddable":true,"href":"https:\/\/www.elpolitologoyelpolitico.com.ar\/wordpress\/wp-json\/wp\/v2\/categories?post=3419"},{"taxonomy":"post_tag","embeddable":true,"href":"https:\/\/www.elpolitologoyelpolitico.com.ar\/wordpress\/wp-json\/wp\/v2\/tags?post=3419"}],"curies":[{"name":"wp","href":"https:\/\/api.w.org\/{rel}","templated":true}]}}