{"id":3410,"date":"2021-05-26T18:22:00","date_gmt":"2021-05-26T18:22:00","guid":{"rendered":"https:\/\/www.elpolitologoyelpolitico.com.ar\/wordpress\/?p=3410"},"modified":"2021-05-26T22:37:16","modified_gmt":"2021-05-26T22:37:16","slug":"una-vez-mas-nos-toca-cerrar-con-la-gran-crisis-que-hay-en-el-pais","status":"publish","type":"post","link":"https:\/\/www.elpolitologoyelpolitico.com.ar\/wordpress\/2021\/05\/26\/una-vez-mas-nos-toca-cerrar-con-la-gran-crisis-que-hay-en-el-pais\/","title":{"rendered":"\u201cUna vez m\u00e1s nos toca cerrar con la gran crisis que hay en el pa\u00eds\u201d"},"content":{"rendered":"\t\t<div data-elementor-type=\"wp-post\" data-elementor-id=\"3410\" class=\"elementor elementor-3410\">\n\t\t\t\t\t\t<section class=\"elementor-section elementor-top-section elementor-element elementor-element-137aabbf elementor-section-boxed elementor-section-height-default elementor-section-height-default\" data-id=\"137aabbf\" data-element_type=\"section\" data-e-type=\"section\">\n\t\t\t\t\t\t<div class=\"elementor-container elementor-column-gap-default\">\n\t\t\t\t\t<div class=\"elementor-column elementor-col-100 elementor-top-column elementor-element elementor-element-607f509a\" data-id=\"607f509a\" data-element_type=\"column\" data-e-type=\"column\">\n\t\t\t<div class=\"elementor-widget-wrap elementor-element-populated\">\n\t\t\t\t\t\t<div class=\"elementor-element elementor-element-2e606b5a elementor-widget elementor-widget-text-editor\" data-id=\"2e606b5a\" data-element_type=\"widget\" data-e-type=\"widget\" data-widget_type=\"text-editor.default\">\n\t\t\t\t<div class=\"elementor-widget-container\">\n\t\t\t\t\t\t\t\t\t\n<audio class=\"wp-audio-shortcode\" id=\"audio-3410-1\" preload=\"none\" style=\"width: 100%;\" controls=\"controls\"><source type=\"audio\/mpeg\" src=\"https:\/\/www.elpolitologoyelpolitico.com.ar\/wp-content\/uploads\/2021\/05\/WhatsApp-Audio-2021-05-26-at-5.33.00-PM-online-audio-converter.com_.mp3?_=1\" \/><a href=\"https:\/\/www.elpolitologoyelpolitico.com.ar\/wp-content\/uploads\/2021\/05\/WhatsApp-Audio-2021-05-26-at-5.33.00-PM-online-audio-converter.com_.mp3\">https:\/\/www.elpolitologoyelpolitico.com.ar\/wp-content\/uploads\/2021\/05\/WhatsApp-Audio-2021-05-26-at-5.33.00-PM-online-audio-converter.com_.mp3<\/a><\/audio>\n<p>La sociedad esta pasando por un momento muy complicado producto de la crisis social y econ\u00f3mica que se vive en nuestro pa\u00eds.<\/p>\n\n<p>Uno de los sectores que esta pasando un momento critico son los comerciantes.<\/p>\n\n<p>Juan Jorajuria, comerciante de Patagones, expuso que la situaci\u00f3n vivida en este tiempo es desesperante, debido al aumento desmedido de casos que llev\u00f3 a cerrar las puertas de los comercios.<\/p>\n\n<p>Desde el a\u00f1o pasado la situaci\u00f3n de los comerciantes es compleja por las deudas acumuladas durante el 2020 y los integrantes de este sector expresan que es imposible el cierre de los comercios.<\/p>\n\n<p>\u201cNo estamos diciendo que no hay virus y que no nos cuidemos, sino que queremos estar sanos para seguir trabajando. Una vez m\u00e1s nos toca cerrar con la gran crisis que hay en el pa\u00eds\u201d sostuvo Jorajuria.<\/p>\n\n<p>Durante el d\u00eda lunes, un grupo de comerciantes se reunir\u00e1 con el intendente de Patagones Jos\u00e9 Zara con el fin de llegar a un acuerdo de apertura para los comercios \u201cno esenciales\u201d.<\/p>\n\n<p>\u201cTodos somos esenciales porque vivimos de nuestro trabajo, no estamos en contra de los comercios denominados esenciales, trabajamos en conjunto, ellos nos apoyan en este reclamo\u201d destac\u00f3 el comerciante.<\/p>\n\t\t\t\t\t\t\t\t<\/div>\n\t\t\t\t<\/div>\n\t\t\t\t\t<\/div>\n\t\t<\/div>\n\t\t\t\t\t<\/div>\n\t\t<\/section>\n\t\t\t\t<\/div>\n\t\t<div class=\"fb-background-color\">\n\t\t\t  <div \n\t\t\t  \tclass = \"fb-comments\" \n\t\t\t  \tdata-href = \"https:\/\/www.elpolitologoyelpolitico.com.ar\/wordpress\/2021\/05\/26\/una-vez-mas-nos-toca-cerrar-con-la-gran-crisis-que-hay-en-el-pais\/\"\n\t\t\t  \tdata-numposts = \"10\"\n\t\t\t  \tdata-lazy = \"true\"\n\t\t\t\tdata-colorscheme = \"light\"\n\t\t\t\tdata-order-by = \"social\"\n\t\t\t\tdata-mobile=true>\n\t\t\t  <\/div><\/div>\n\t\t  <style>\n\t\t    .fb-background-color {\n\t\t\t\tbackground: #ffffff !important;\n\t\t\t}\n\t\t\t.fb_iframe_widget_fluid_desktop iframe {\n\t\t\t    width: 100% !important;\n\t\t\t}\n\t\t  <\/style>\n\t\t  ","protected":false},"excerpt":{"rendered":"<p>La sociedad esta pasando por un momento muy complicado producto de la crisis social y econ\u00f3mica que se vive en nuestro pa\u00eds. Uno de los sectores que esta pasando un momento critico son los comerciantes. Juan Jorajuria, comerciante de Patagones, expuso que la situaci\u00f3n vivida en este tiempo es desesperante, debido al aumento desmedido de [&hellip;]<\/p>\n","protected":false},"author":4,"featured_media":3411,"comment_status":"closed","ping_status":"closed","sticky":false,"template":"","format":"standard","meta":{"_joinchat":[],"footnotes":""},"categories":[39],"tags":[],"class_list":["post-3410","post","type-post","status-publish","format-standard","has-post-thumbnail","hentry","category-en-esta-seccion"],"_links":{"self":[{"href":"https:\/\/www.elpolitologoyelpolitico.com.ar\/wordpress\/wp-json\/wp\/v2\/posts\/3410","targetHints":{"allow":["GET"]}}],"collection":[{"href":"https:\/\/www.elpolitologoyelpolitico.com.ar\/wordpress\/wp-json\/wp\/v2\/posts"}],"about":[{"href":"https:\/\/www.elpolitologoyelpolitico.com.ar\/wordpress\/wp-json\/wp\/v2\/types\/post"}],"author":[{"embeddable":true,"href":"https:\/\/www.elpolitologoyelpolitico.com.ar\/wordpress\/wp-json\/wp\/v2\/users\/4"}],"replies":[{"embeddable":true,"href":"https:\/\/www.elpolitologoyelpolitico.com.ar\/wordpress\/wp-json\/wp\/v2\/comments?post=3410"}],"version-history":[{"count":0,"href":"https:\/\/www.elpolitologoyelpolitico.com.ar\/wordpress\/wp-json\/wp\/v2\/posts\/3410\/revisions"}],"wp:featuredmedia":[{"embeddable":true,"href":"https:\/\/www.elpolitologoyelpolitico.com.ar\/wordpress\/wp-json\/wp\/v2\/media\/3411"}],"wp:attachment":[{"href":"https:\/\/www.elpolitologoyelpolitico.com.ar\/wordpress\/wp-json\/wp\/v2\/media?parent=3410"}],"wp:term":[{"taxonomy":"category","embeddable":true,"href":"https:\/\/www.elpolitologoyelpolitico.com.ar\/wordpress\/wp-json\/wp\/v2\/categories?post=3410"},{"taxonomy":"post_tag","embeddable":true,"href":"https:\/\/www.elpolitologoyelpolitico.com.ar\/wordpress\/wp-json\/wp\/v2\/tags?post=3410"}],"curies":[{"name":"wp","href":"https:\/\/api.w.org\/{rel}","templated":true}]}}