{"id":3405,"date":"2021-05-26T17:14:00","date_gmt":"2021-05-26T17:14:00","guid":{"rendered":"https:\/\/www.elpolitologoyelpolitico.com.ar\/wordpress\/?p=3405"},"modified":"2021-05-26T21:16:19","modified_gmt":"2021-05-26T21:16:19","slug":"es-responsabilidad-del-gobierno-nacional-lo-que-estamos-viviendo","status":"publish","type":"post","link":"https:\/\/www.elpolitologoyelpolitico.com.ar\/wordpress\/2021\/05\/26\/es-responsabilidad-del-gobierno-nacional-lo-que-estamos-viviendo\/","title":{"rendered":"\u201cEs responsabilidad del Gobierno Nacional lo que estamos viviendo\u201d"},"content":{"rendered":"\t\t<div data-elementor-type=\"wp-post\" data-elementor-id=\"3405\" class=\"elementor elementor-3405\">\n\t\t\t\t\t\t<section class=\"elementor-section elementor-top-section elementor-element elementor-element-66bd2944 elementor-section-boxed elementor-section-height-default elementor-section-height-default\" data-id=\"66bd2944\" data-element_type=\"section\" data-e-type=\"section\">\n\t\t\t\t\t\t<div class=\"elementor-container elementor-column-gap-default\">\n\t\t\t\t\t<div class=\"elementor-column elementor-col-100 elementor-top-column elementor-element elementor-element-35e9c1a2\" data-id=\"35e9c1a2\" data-element_type=\"column\" data-e-type=\"column\">\n\t\t\t<div class=\"elementor-widget-wrap elementor-element-populated\">\n\t\t\t\t\t\t<div class=\"elementor-element elementor-element-3087323 elementor-widget elementor-widget-text-editor\" data-id=\"3087323\" data-element_type=\"widget\" data-e-type=\"widget\" data-widget_type=\"text-editor.default\">\n\t\t\t\t<div class=\"elementor-widget-container\">\n\t\t\t\t\t\t\t\t\t\n<p>La Concejal Roberta Scavo, expres\u00f3 que ante las nuevas medidas tomadas por el Gobierno Nacional, la situaci\u00f3n que atraviesa la cuidad de Viedma es compleja y destac\u00f3&nbsp; el esfuerzo que viene llevando el personal de salud ante un sistema sanitario colapsado.<\/p>\n\n\n\n<p>Por otra parte, hizo referencia a la protesta llevada adelante por los comerciantes de la comarca \u201cParticipe no solo como concejal sino como comerciante, los entiendo m\u00e1s que bien porque la vivo diariamente, la situaci\u00f3n es dificil\u00edsima\u201d y agreg\u00f3 \u201cEs insostenible un cierre como el del a\u00f1o pasado y creo que todo trabajo es esencial si hay familias que dependen de \u00e9l\u201d<\/p>\n\n\n\n<p>Adem\u00e1s, sostuvo \u201cNo se busc\u00f3 la confrontaci\u00f3n sino todo lo contrario reconocer la situaci\u00f3n sanitaria, el sector de comerciantes est\u00e1 dispuesto a escuchar y dialogar pero no en las condiciones que se vivieron el a\u00f1o pasado\u201d<\/p>\n\n\n\n<p>La venta bajo en estos meses y los comerciantes solicitan que se los exima de los impuestos provinciales y municipales en el tiempo de cierre.<\/p>\n\n\n\n<p>Durante el d\u00eda de hoy, los comerciantes estar\u00e1n presentando una nota al intendente de Viedma Pedro Pesatti.<\/p>\n\n\n\n<p>Con respecto a la situaci\u00f3n que estamos viviendo como sociedad Roberta Scavo manifest\u00f3 \u201cEs absolutamente responsabilidad del Gobierno Nacional lo que estamos viviendo, hace falta que expliquen algunas compras de vacunas que se hicieron&nbsp; y no llegaron al pa\u00eds, tenemos derecho a exigir mayor prolijidad y respeto por el listado de quienes tienen prioridad de vacunaci\u00f3n\u201d<\/p>\n\t\t\t\t\t\t\t\t<\/div>\n\t\t\t\t<\/div>\n\t\t\t\t\t<\/div>\n\t\t<\/div>\n\t\t\t\t\t<\/div>\n\t\t<\/section>\n\t\t\t\t<\/div>\n\t\t<div class=\"fb-background-color\">\n\t\t\t  <div \n\t\t\t  \tclass = \"fb-comments\" \n\t\t\t  \tdata-href = \"https:\/\/www.elpolitologoyelpolitico.com.ar\/wordpress\/2021\/05\/26\/es-responsabilidad-del-gobierno-nacional-lo-que-estamos-viviendo\/\"\n\t\t\t  \tdata-numposts = \"10\"\n\t\t\t  \tdata-lazy = \"true\"\n\t\t\t\tdata-colorscheme = \"light\"\n\t\t\t\tdata-order-by = \"social\"\n\t\t\t\tdata-mobile=true>\n\t\t\t  <\/div><\/div>\n\t\t  <style>\n\t\t    .fb-background-color {\n\t\t\t\tbackground: #ffffff !important;\n\t\t\t}\n\t\t\t.fb_iframe_widget_fluid_desktop iframe {\n\t\t\t    width: 100% !important;\n\t\t\t}\n\t\t  <\/style>\n\t\t  ","protected":false},"excerpt":{"rendered":"<p>La Concejal Roberta Scavo, expres\u00f3 que ante las nuevas medidas tomadas por el Gobierno Nacional, la situaci\u00f3n que atraviesa la cuidad de Viedma es compleja y destac\u00f3&nbsp; el esfuerzo que viene llevando el personal de salud ante un sistema sanitario colapsado. Por otra parte, hizo referencia a la protesta llevada adelante por los comerciantes de [&hellip;]<\/p>\n","protected":false},"author":4,"featured_media":3374,"comment_status":"closed","ping_status":"closed","sticky":false,"template":"","format":"standard","meta":{"_joinchat":[],"footnotes":""},"categories":[21],"tags":[],"class_list":["post-3405","post","type-post","status-publish","format-standard","has-post-thumbnail","hentry","category-actores-politicos"],"_links":{"self":[{"href":"https:\/\/www.elpolitologoyelpolitico.com.ar\/wordpress\/wp-json\/wp\/v2\/posts\/3405","targetHints":{"allow":["GET"]}}],"collection":[{"href":"https:\/\/www.elpolitologoyelpolitico.com.ar\/wordpress\/wp-json\/wp\/v2\/posts"}],"about":[{"href":"https:\/\/www.elpolitologoyelpolitico.com.ar\/wordpress\/wp-json\/wp\/v2\/types\/post"}],"author":[{"embeddable":true,"href":"https:\/\/www.elpolitologoyelpolitico.com.ar\/wordpress\/wp-json\/wp\/v2\/users\/4"}],"replies":[{"embeddable":true,"href":"https:\/\/www.elpolitologoyelpolitico.com.ar\/wordpress\/wp-json\/wp\/v2\/comments?post=3405"}],"version-history":[{"count":0,"href":"https:\/\/www.elpolitologoyelpolitico.com.ar\/wordpress\/wp-json\/wp\/v2\/posts\/3405\/revisions"}],"wp:featuredmedia":[{"embeddable":true,"href":"https:\/\/www.elpolitologoyelpolitico.com.ar\/wordpress\/wp-json\/wp\/v2\/media\/3374"}],"wp:attachment":[{"href":"https:\/\/www.elpolitologoyelpolitico.com.ar\/wordpress\/wp-json\/wp\/v2\/media?parent=3405"}],"wp:term":[{"taxonomy":"category","embeddable":true,"href":"https:\/\/www.elpolitologoyelpolitico.com.ar\/wordpress\/wp-json\/wp\/v2\/categories?post=3405"},{"taxonomy":"post_tag","embeddable":true,"href":"https:\/\/www.elpolitologoyelpolitico.com.ar\/wordpress\/wp-json\/wp\/v2\/tags?post=3405"}],"curies":[{"name":"wp","href":"https:\/\/api.w.org\/{rel}","templated":true}]}}