{"id":3399,"date":"2021-05-26T16:25:00","date_gmt":"2021-05-26T16:25:00","guid":{"rendered":"https:\/\/www.elpolitologoyelpolitico.com.ar\/wordpress\/?p=3399"},"modified":"2021-05-26T20:10:36","modified_gmt":"2021-05-26T20:10:36","slug":"covid-en-patagones-60-positivos-8-negativos-2-fallecidos-y-27-altas","status":"publish","type":"post","link":"https:\/\/www.elpolitologoyelpolitico.com.ar\/wordpress\/2021\/05\/26\/covid-en-patagones-60-positivos-8-negativos-2-fallecidos-y-27-altas\/","title":{"rendered":"COVID en Patagones: 60 positivos, 8 negativos, 2 fallecidos y 27 altas"},"content":{"rendered":"\t\t<div data-elementor-type=\"wp-post\" data-elementor-id=\"3399\" class=\"elementor elementor-3399\">\n\t\t\t\t\t\t<section class=\"elementor-section elementor-top-section elementor-element elementor-element-79f0ac43 elementor-section-boxed elementor-section-height-default elementor-section-height-default\" data-id=\"79f0ac43\" data-element_type=\"section\" data-e-type=\"section\">\n\t\t\t\t\t\t<div class=\"elementor-container elementor-column-gap-default\">\n\t\t\t\t\t<div class=\"elementor-column elementor-col-100 elementor-top-column elementor-element elementor-element-6031f37d\" data-id=\"6031f37d\" data-element_type=\"column\" data-e-type=\"column\">\n\t\t\t<div class=\"elementor-widget-wrap elementor-element-populated\">\n\t\t\t\t\t\t<div class=\"elementor-element elementor-element-cd2dad8 elementor-widget elementor-widget-text-editor\" data-id=\"cd2dad8\" data-element_type=\"widget\" data-e-type=\"widget\" data-widget_type=\"text-editor.default\">\n\t\t\t\t<div class=\"elementor-widget-container\">\n\t\t\t\t\t\t\t\t\t\n<p>La Secretar\u00eda de Salud de Patagones confirm\u00f3 que se registraron 60 nuevos casos positivos de COVID en Patagones.<\/p>\n\n\n\n<p>Adem\u00e1s, fueron descartados 8 sospechosos, mientras que 27 pacientes recibieron el alta.<\/p>\n\n\n\n<p>A la fecha, son 378 los positivos activos, 3386 los estudios con resultado negativo y 2371 los pacientes recuperados.<\/p>\n\n\n\n<p>En las \u00faltimas horas, se registraron dos fallecimientos, por lo que, desde el inicio de la pandemia, suman 70 los fallecidos.<\/p>\n\n\n\n<p>Se recuerda a la poblaci\u00f3n que se encuentran en vigencia las disposiciones del Gobierno Nacional, hasta el domingo 30 de mayo, inclusive:<\/p>\n\n\n\n<p>\u2013 Est\u00e1n habilitados los comercios esenciales y los locales gastron\u00f3micos con delivery.<\/p>\n\n\n\n<p>\u2013 Se puede circular de 6 a 18 horas, en las cercan\u00edas del domicilio.<\/p>\n\n\n\n<p>-Est\u00e1n suspendidas las actividades sociales, tur\u00edsticas, educativas, culturales, religiosas y&nbsp; deportivas en forma presencial y al aire libre.<\/p>\n\n\n\n<p>Del mismo modo, se insta a continuar con las medidas preventivas; uso del cubrebocas, constante lavado de manos y el uso de alcohol. La actualizaci\u00f3n de datos con respecto al COVID se continuar\u00e1 brindando diariamente, a trav\u00e9s de los canales oficiales.<\/p>\n\t\t\t\t\t\t\t\t<\/div>\n\t\t\t\t<\/div>\n\t\t\t\t\t<\/div>\n\t\t<\/div>\n\t\t\t\t\t<\/div>\n\t\t<\/section>\n\t\t\t\t<\/div>\n\t\t<div class=\"fb-background-color\">\n\t\t\t  <div \n\t\t\t  \tclass = \"fb-comments\" \n\t\t\t  \tdata-href = \"https:\/\/www.elpolitologoyelpolitico.com.ar\/wordpress\/2021\/05\/26\/covid-en-patagones-60-positivos-8-negativos-2-fallecidos-y-27-altas\/\"\n\t\t\t  \tdata-numposts = \"10\"\n\t\t\t  \tdata-lazy = \"true\"\n\t\t\t\tdata-colorscheme = \"light\"\n\t\t\t\tdata-order-by = \"social\"\n\t\t\t\tdata-mobile=true>\n\t\t\t  <\/div><\/div>\n\t\t  <style>\n\t\t    .fb-background-color {\n\t\t\t\tbackground: #ffffff !important;\n\t\t\t}\n\t\t\t.fb_iframe_widget_fluid_desktop iframe {\n\t\t\t    width: 100% !important;\n\t\t\t}\n\t\t  <\/style>\n\t\t  ","protected":false},"excerpt":{"rendered":"<p>La Secretar\u00eda de Salud de Patagones confirm\u00f3 que se registraron 60 nuevos casos positivos de COVID en Patagones. Adem\u00e1s, fueron descartados 8 sospechosos, mientras que 27 pacientes recibieron el alta. A la fecha, son 378 los positivos activos, 3386 los estudios con resultado negativo y 2371 los pacientes recuperados. En las \u00faltimas horas, se registraron [&hellip;]<\/p>\n","protected":false},"author":4,"featured_media":3371,"comment_status":"closed","ping_status":"closed","sticky":false,"template":"","format":"standard","meta":{"_joinchat":[],"footnotes":""},"categories":[39],"tags":[],"class_list":["post-3399","post","type-post","status-publish","format-standard","has-post-thumbnail","hentry","category-en-esta-seccion"],"_links":{"self":[{"href":"https:\/\/www.elpolitologoyelpolitico.com.ar\/wordpress\/wp-json\/wp\/v2\/posts\/3399","targetHints":{"allow":["GET"]}}],"collection":[{"href":"https:\/\/www.elpolitologoyelpolitico.com.ar\/wordpress\/wp-json\/wp\/v2\/posts"}],"about":[{"href":"https:\/\/www.elpolitologoyelpolitico.com.ar\/wordpress\/wp-json\/wp\/v2\/types\/post"}],"author":[{"embeddable":true,"href":"https:\/\/www.elpolitologoyelpolitico.com.ar\/wordpress\/wp-json\/wp\/v2\/users\/4"}],"replies":[{"embeddable":true,"href":"https:\/\/www.elpolitologoyelpolitico.com.ar\/wordpress\/wp-json\/wp\/v2\/comments?post=3399"}],"version-history":[{"count":0,"href":"https:\/\/www.elpolitologoyelpolitico.com.ar\/wordpress\/wp-json\/wp\/v2\/posts\/3399\/revisions"}],"wp:featuredmedia":[{"embeddable":true,"href":"https:\/\/www.elpolitologoyelpolitico.com.ar\/wordpress\/wp-json\/wp\/v2\/media\/3371"}],"wp:attachment":[{"href":"https:\/\/www.elpolitologoyelpolitico.com.ar\/wordpress\/wp-json\/wp\/v2\/media?parent=3399"}],"wp:term":[{"taxonomy":"category","embeddable":true,"href":"https:\/\/www.elpolitologoyelpolitico.com.ar\/wordpress\/wp-json\/wp\/v2\/categories?post=3399"},{"taxonomy":"post_tag","embeddable":true,"href":"https:\/\/www.elpolitologoyelpolitico.com.ar\/wordpress\/wp-json\/wp\/v2\/tags?post=3399"}],"curies":[{"name":"wp","href":"https:\/\/api.w.org\/{rel}","templated":true}]}}