{"id":3394,"date":"2021-05-26T16:00:00","date_gmt":"2021-05-26T16:00:00","guid":{"rendered":"https:\/\/www.elpolitologoyelpolitico.com.ar\/wordpress\/?p=3394"},"modified":"2021-05-26T20:02:27","modified_gmt":"2021-05-26T20:02:27","slug":"el-hcd-patagones-a-confinamiento-estricto-por-9-dias","status":"publish","type":"post","link":"https:\/\/www.elpolitologoyelpolitico.com.ar\/wordpress\/2021\/05\/26\/el-hcd-patagones-a-confinamiento-estricto-por-9-dias\/","title":{"rendered":"EL HCD PATAGONES A CONFINAMIENTO ESTRICTO POR 9 D\u00cdAS"},"content":{"rendered":"\t\t<div data-elementor-type=\"wp-post\" data-elementor-id=\"3394\" class=\"elementor elementor-3394\">\n\t\t\t\t\t\t<section class=\"elementor-section elementor-top-section elementor-element elementor-element-4e1836ee elementor-section-boxed elementor-section-height-default elementor-section-height-default\" data-id=\"4e1836ee\" data-element_type=\"section\" data-e-type=\"section\">\n\t\t\t\t\t\t<div class=\"elementor-container elementor-column-gap-default\">\n\t\t\t\t\t<div class=\"elementor-column elementor-col-100 elementor-top-column elementor-element elementor-element-7dc85b71\" data-id=\"7dc85b71\" data-element_type=\"column\" data-e-type=\"column\">\n\t\t\t<div class=\"elementor-widget-wrap elementor-element-populated\">\n\t\t\t\t\t\t<div class=\"elementor-element elementor-element-4d77cbbe elementor-widget elementor-widget-text-editor\" data-id=\"4d77cbbe\" data-element_type=\"widget\" data-e-type=\"widget\" data-widget_type=\"text-editor.default\">\n\t\t\t\t<div class=\"elementor-widget-container\">\n\t\t\t\t\t\t\t\t\t\n<p>Por disposici\u00f3n del Gobierno Nacional, que ratific\u00f3 el Gobierno de la Provincia de Buenos Aires, el Distrito de Patagones pasa a confinamiento estricto por 9 d\u00edas desde las 00 horas del s\u00e1bado -22 de mayo- hasta el domingo 30 inclusive.<\/p>\n\n\n\n<p>El Honorable Concejo Deliberante de Patagones permanecer\u00e1 cerrado, sin atenci\u00f3n al p\u00fablico presencial y mantiene sus v\u00edas de comunicaci\u00f3n:<\/p>\n\n\n\n<p>Presidencia: 2920576474<\/p>\n\n\n\n<p>Secretar\u00eda: 2020615477<\/p>\n\n\n\n<p>Correo electr\u00f3nico:&nbsp;<a href=\"mailto:hcdpatagones@gmail.com\" target=\"_blank\" rel=\"noreferrer noopener\">hcdpatagones@gmail.com<\/a><\/p>\n\t\t\t\t\t\t\t\t<\/div>\n\t\t\t\t<\/div>\n\t\t\t\t\t<\/div>\n\t\t<\/div>\n\t\t\t\t\t<\/div>\n\t\t<\/section>\n\t\t\t\t<\/div>\n\t\t<div class=\"fb-background-color\">\n\t\t\t  <div \n\t\t\t  \tclass = \"fb-comments\" \n\t\t\t  \tdata-href = \"https:\/\/www.elpolitologoyelpolitico.com.ar\/wordpress\/2021\/05\/26\/el-hcd-patagones-a-confinamiento-estricto-por-9-dias\/\"\n\t\t\t  \tdata-numposts = \"10\"\n\t\t\t  \tdata-lazy = \"true\"\n\t\t\t\tdata-colorscheme = \"light\"\n\t\t\t\tdata-order-by = \"social\"\n\t\t\t\tdata-mobile=true>\n\t\t\t  <\/div><\/div>\n\t\t  <style>\n\t\t    .fb-background-color {\n\t\t\t\tbackground: #ffffff !important;\n\t\t\t}\n\t\t\t.fb_iframe_widget_fluid_desktop iframe {\n\t\t\t    width: 100% !important;\n\t\t\t}\n\t\t  <\/style>\n\t\t  ","protected":false},"excerpt":{"rendered":"<p>Por disposici\u00f3n del Gobierno Nacional, que ratific\u00f3 el Gobierno de la Provincia de Buenos Aires, el Distrito de Patagones pasa a confinamiento estricto por 9 d\u00edas desde las 00 horas del s\u00e1bado -22 de mayo- hasta el domingo 30 inclusive. El Honorable Concejo Deliberante de Patagones permanecer\u00e1 cerrado, sin atenci\u00f3n al p\u00fablico presencial y mantiene [&hellip;]<\/p>\n","protected":false},"author":4,"featured_media":3368,"comment_status":"closed","ping_status":"closed","sticky":false,"template":"","format":"standard","meta":{"_joinchat":[],"footnotes":""},"categories":[39],"tags":[],"class_list":["post-3394","post","type-post","status-publish","format-standard","has-post-thumbnail","hentry","category-en-esta-seccion"],"_links":{"self":[{"href":"https:\/\/www.elpolitologoyelpolitico.com.ar\/wordpress\/wp-json\/wp\/v2\/posts\/3394","targetHints":{"allow":["GET"]}}],"collection":[{"href":"https:\/\/www.elpolitologoyelpolitico.com.ar\/wordpress\/wp-json\/wp\/v2\/posts"}],"about":[{"href":"https:\/\/www.elpolitologoyelpolitico.com.ar\/wordpress\/wp-json\/wp\/v2\/types\/post"}],"author":[{"embeddable":true,"href":"https:\/\/www.elpolitologoyelpolitico.com.ar\/wordpress\/wp-json\/wp\/v2\/users\/4"}],"replies":[{"embeddable":true,"href":"https:\/\/www.elpolitologoyelpolitico.com.ar\/wordpress\/wp-json\/wp\/v2\/comments?post=3394"}],"version-history":[{"count":0,"href":"https:\/\/www.elpolitologoyelpolitico.com.ar\/wordpress\/wp-json\/wp\/v2\/posts\/3394\/revisions"}],"wp:featuredmedia":[{"embeddable":true,"href":"https:\/\/www.elpolitologoyelpolitico.com.ar\/wordpress\/wp-json\/wp\/v2\/media\/3368"}],"wp:attachment":[{"href":"https:\/\/www.elpolitologoyelpolitico.com.ar\/wordpress\/wp-json\/wp\/v2\/media?parent=3394"}],"wp:term":[{"taxonomy":"category","embeddable":true,"href":"https:\/\/www.elpolitologoyelpolitico.com.ar\/wordpress\/wp-json\/wp\/v2\/categories?post=3394"},{"taxonomy":"post_tag","embeddable":true,"href":"https:\/\/www.elpolitologoyelpolitico.com.ar\/wordpress\/wp-json\/wp\/v2\/tags?post=3394"}],"curies":[{"name":"wp","href":"https:\/\/api.w.org\/{rel}","templated":true}]}}