{"id":33918,"date":"2023-08-30T12:58:05","date_gmt":"2023-08-30T15:58:05","guid":{"rendered":"https:\/\/www.elpolitologoyelpolitico.com.ar\/wordpress\/?p=33918"},"modified":"2023-08-30T12:58:07","modified_gmt":"2023-08-30T15:58:07","slug":"stroeder-productiva-jornada-de-concientizacion-y-prevencion-en-relacion-a-las-violencias-y-abusos-en-ninos-ninas-y-adolescentes","status":"publish","type":"post","link":"https:\/\/www.elpolitologoyelpolitico.com.ar\/wordpress\/2023\/08\/30\/stroeder-productiva-jornada-de-concientizacion-y-prevencion-en-relacion-a-las-violencias-y-abusos-en-ninos-ninas-y-adolescentes\/","title":{"rendered":"Stroeder: productiva jornada de concientizaci\u00f3n y prevenci\u00f3n en relaci\u00f3n a las violencias y abusos en ni\u00f1os ni\u00f1as y adolescentes."},"content":{"rendered":"\n<p>El \u00e1rea de Coordinaci\u00f3n de Programas P\u00fablicos, junto a la Comisar\u00eda de la Mujer de Patagones, la Secretar\u00eda de Seguridad y el equipo t\u00e9cnico de la Comisar\u00eda de la Familia de Viedma, contin\u00faa trabajando para generar conciencia y prevenir el delito del Grooming en el Distrito.<\/p>\n\n\n\n<p>En esta ocasi\u00f3n, en conjunto con la Delegaci\u00f3n Municipal, se concret\u00f3 este martes una productiva y convocante jornada en el Colegio \u201cLa Divina Providencia\u201d, de la localidad de Stroeder, para alumnos de primaria, secundaria y para padres de la comunidad educativa.<\/p>\n\n\n\n<p>Trabajaron temas relacionados al uso responsable de las redes sociales, desplegando conceptos como el sexting, sextorisi\u00f3n y grooming, resultando una jornada din\u00e1mica y sumamente positiva. Adem\u00e1s, incorporaron un espacio destinado a la concientizaci\u00f3n y prevenci\u00f3n de la violencia afectiva y un espacio para que los padres y docentes pudieran realizar consultas al Equipo T\u00e9cnico.<\/p>\n\n\n\n<p>\u00abAgradecemos a la comunidad educativa del Distrito que nos abre las puertas para trabajar con los j\u00f3venes y adultos, permiti\u00e9ndonos un trabajo en conjunto para afianzar la construcci\u00f3n de espacios de prevenci\u00f3n\u00bb, resalt\u00f3 Lucio G\u00e1latro, Coordinador de Programas P\u00fablicos del municipio.<\/p>\n\n\n\n<p>En el mismo sentido, agradeci\u00f3 la predisposici\u00f3n del Equipo Directivo del Colegio La Divina Providencia.<\/p>\n\n\n\n<figure class=\"wp-block-gallery has-nested-images columns-default is-cropped wp-block-gallery-1 is-layout-flex wp-block-gallery-is-layout-flex\">\n<figure class=\"wp-block-image size-large\"><img fetchpriority=\"high\" decoding=\"async\" width=\"1024\" height=\"461\" data-id=\"33922\" src=\"https:\/\/www.elpolitologoyelpolitico.com.ar\/wp-content\/uploads\/2023\/08\/IMG-20230830-WA0002-1024x461.jpg\" alt=\"\" class=\"wp-image-33922\" srcset=\"https:\/\/www.elpolitologoyelpolitico.com.ar\/wp-content\/uploads\/2023\/08\/IMG-20230830-WA0002-1024x461.jpg 1024w, https:\/\/www.elpolitologoyelpolitico.com.ar\/wp-content\/uploads\/2023\/08\/IMG-20230830-WA0002-300x135.jpg 300w, https:\/\/www.elpolitologoyelpolitico.com.ar\/wp-content\/uploads\/2023\/08\/IMG-20230830-WA0002-768x346.jpg 768w, https:\/\/www.elpolitologoyelpolitico.com.ar\/wp-content\/uploads\/2023\/08\/IMG-20230830-WA0002-1536x691.jpg 1536w, https:\/\/www.elpolitologoyelpolitico.com.ar\/wp-content\/uploads\/2023\/08\/IMG-20230830-WA0002.jpg 1600w\" sizes=\"(max-width: 1024px) 100vw, 1024px\" \/><\/figure>\n\n\n\n<figure class=\"wp-block-image size-large\"><img decoding=\"async\" width=\"1024\" height=\"461\" data-id=\"33921\" src=\"https:\/\/www.elpolitologoyelpolitico.com.ar\/wp-content\/uploads\/2023\/08\/IMG-20230830-WA0000-1024x461.jpg\" alt=\"\" class=\"wp-image-33921\" srcset=\"https:\/\/www.elpolitologoyelpolitico.com.ar\/wp-content\/uploads\/2023\/08\/IMG-20230830-WA0000-1024x461.jpg 1024w, https:\/\/www.elpolitologoyelpolitico.com.ar\/wp-content\/uploads\/2023\/08\/IMG-20230830-WA0000-300x135.jpg 300w, https:\/\/www.elpolitologoyelpolitico.com.ar\/wp-content\/uploads\/2023\/08\/IMG-20230830-WA0000-768x346.jpg 768w, https:\/\/www.elpolitologoyelpolitico.com.ar\/wp-content\/uploads\/2023\/08\/IMG-20230830-WA0000-1536x691.jpg 1536w, https:\/\/www.elpolitologoyelpolitico.com.ar\/wp-content\/uploads\/2023\/08\/IMG-20230830-WA0000.jpg 1600w\" sizes=\"(max-width: 1024px) 100vw, 1024px\" \/><\/figure>\n<\/figure>\n<div class=\"fb-background-color\">\n\t\t\t  <div \n\t\t\t  \tclass = \"fb-comments\" \n\t\t\t  \tdata-href = \"https:\/\/www.elpolitologoyelpolitico.com.ar\/wordpress\/2023\/08\/30\/stroeder-productiva-jornada-de-concientizacion-y-prevencion-en-relacion-a-las-violencias-y-abusos-en-ninos-ninas-y-adolescentes\/\"\n\t\t\t  \tdata-numposts = \"10\"\n\t\t\t  \tdata-lazy = \"true\"\n\t\t\t\tdata-colorscheme = \"light\"\n\t\t\t\tdata-order-by = \"social\"\n\t\t\t\tdata-mobile=true>\n\t\t\t  <\/div><\/div>\n\t\t  <style>\n\t\t    .fb-background-color {\n\t\t\t\tbackground: #ffffff !important;\n\t\t\t}\n\t\t\t.fb_iframe_widget_fluid_desktop iframe {\n\t\t\t    width: 100% !important;\n\t\t\t}\n\t\t  <\/style>\n\t\t  ","protected":false},"excerpt":{"rendered":"<p>El \u00e1rea de Coordinaci\u00f3n de Programas P\u00fablicos, junto a la Comisar\u00eda de la Mujer de Patagones, la Secretar\u00eda de Seguridad y el equipo t\u00e9cnico de la Comisar\u00eda de la Familia de Viedma, contin\u00faa trabajando para generar conciencia y prevenir el delito del Grooming en el Distrito. En esta ocasi\u00f3n, en conjunto con la Delegaci\u00f3n Municipal, [&hellip;]<\/p>\n","protected":false},"author":4,"featured_media":33920,"comment_status":"closed","ping_status":"closed","sticky":false,"template":"","format":"standard","meta":{"_joinchat":[],"footnotes":""},"categories":[39],"tags":[],"class_list":["post-33918","post","type-post","status-publish","format-standard","has-post-thumbnail","hentry","category-en-esta-seccion"],"_links":{"self":[{"href":"https:\/\/www.elpolitologoyelpolitico.com.ar\/wordpress\/wp-json\/wp\/v2\/posts\/33918","targetHints":{"allow":["GET"]}}],"collection":[{"href":"https:\/\/www.elpolitologoyelpolitico.com.ar\/wordpress\/wp-json\/wp\/v2\/posts"}],"about":[{"href":"https:\/\/www.elpolitologoyelpolitico.com.ar\/wordpress\/wp-json\/wp\/v2\/types\/post"}],"author":[{"embeddable":true,"href":"https:\/\/www.elpolitologoyelpolitico.com.ar\/wordpress\/wp-json\/wp\/v2\/users\/4"}],"replies":[{"embeddable":true,"href":"https:\/\/www.elpolitologoyelpolitico.com.ar\/wordpress\/wp-json\/wp\/v2\/comments?post=33918"}],"version-history":[{"count":0,"href":"https:\/\/www.elpolitologoyelpolitico.com.ar\/wordpress\/wp-json\/wp\/v2\/posts\/33918\/revisions"}],"wp:featuredmedia":[{"embeddable":true,"href":"https:\/\/www.elpolitologoyelpolitico.com.ar\/wordpress\/wp-json\/wp\/v2\/media\/33920"}],"wp:attachment":[{"href":"https:\/\/www.elpolitologoyelpolitico.com.ar\/wordpress\/wp-json\/wp\/v2\/media?parent=33918"}],"wp:term":[{"taxonomy":"category","embeddable":true,"href":"https:\/\/www.elpolitologoyelpolitico.com.ar\/wordpress\/wp-json\/wp\/v2\/categories?post=33918"},{"taxonomy":"post_tag","embeddable":true,"href":"https:\/\/www.elpolitologoyelpolitico.com.ar\/wordpress\/wp-json\/wp\/v2\/tags?post=33918"}],"curies":[{"name":"wp","href":"https:\/\/api.w.org\/{rel}","templated":true}]}}