{"id":33906,"date":"2023-08-29T17:57:44","date_gmt":"2023-08-29T20:57:44","guid":{"rendered":"https:\/\/www.elpolitologoyelpolitico.com.ar\/wordpress\/?p=33906"},"modified":"2023-08-29T17:57:45","modified_gmt":"2023-08-29T20:57:45","slug":"museo-rionegrino-fue-premiado-por-su-innovacion-e-impacto-comunitario","status":"publish","type":"post","link":"https:\/\/www.elpolitologoyelpolitico.com.ar\/wordpress\/2023\/08\/29\/museo-rionegrino-fue-premiado-por-su-innovacion-e-impacto-comunitario\/","title":{"rendered":"Museo rionegrino fue premiado por su innovaci\u00f3n e impacto comunitario"},"content":{"rendered":"\n<p>El Museo Patag\u00f3nico de Ciencias Naturales \u201cJuan Carlos Salgado\u201d fue galardonado en la primera edici\u00f3n de los Premios RMA (Registro de Museos de Argentina). En ese marco, el secretario de Estado de Cultura, Ariel \u00c1valos, visit\u00f3 el espacio y felicit\u00f3 al equipo que lo conforma por su trabajo diario.<\/p>\n\n\n\n<p>En el acto, que fue llevado a cabo en las instalaciones del Museo, estuvieron presentes tambi\u00e9n el diputado nacional, Luis Di Gi\u00e1como y Pablo Chafrat, responsable de la instituci\u00f3n, se hizo entrega de un aporte de $1.500.000 que ser\u00e1 destinado a mejoras edilicias.<\/p>\n\n\n\n<p>\u201cEs un orgullo para nosotros y para toda la provincia, porque es un Museo que habitualmente recibe visitas no solo de General Roca, sino de toda la provincia, el pa\u00eds y el mundo; es una instituci\u00f3n se\u00f1era que produce conocimiento, que tiene en su haber un patrimonio muy importante\u201d, se\u00f1al\u00f3 Avalos.<\/p>\n\n\n\n<p>Los premios RMA son otorgados por el Ministerio de Cultura de la Naci\u00f3n, que se centr\u00f3, en esta edici\u00f3n, en reconocer la vinculaci\u00f3n entre los museos y la ciudadan\u00eda a trav\u00e9s de propuestas que fortalezcan la democratizaci\u00f3n, la accesibilidad, la salvaguarda, la gesti\u00f3n participativa y la comunicaci\u00f3n p\u00fablica de los patrimonios culturales, garantizando el derecho a la cultura de todas las personas.<\/p>\n<div class=\"fb-background-color\">\n\t\t\t  <div \n\t\t\t  \tclass = \"fb-comments\" \n\t\t\t  \tdata-href = \"https:\/\/www.elpolitologoyelpolitico.com.ar\/wordpress\/2023\/08\/29\/museo-rionegrino-fue-premiado-por-su-innovacion-e-impacto-comunitario\/\"\n\t\t\t  \tdata-numposts = \"10\"\n\t\t\t  \tdata-lazy = \"true\"\n\t\t\t\tdata-colorscheme = \"light\"\n\t\t\t\tdata-order-by = \"social\"\n\t\t\t\tdata-mobile=true>\n\t\t\t  <\/div><\/div>\n\t\t  <style>\n\t\t    .fb-background-color {\n\t\t\t\tbackground: #ffffff !important;\n\t\t\t}\n\t\t\t.fb_iframe_widget_fluid_desktop iframe {\n\t\t\t    width: 100% !important;\n\t\t\t}\n\t\t  <\/style>\n\t\t  ","protected":false},"excerpt":{"rendered":"<p>El Museo Patag\u00f3nico de Ciencias Naturales \u201cJuan Carlos Salgado\u201d fue galardonado en la primera edici\u00f3n de los Premios RMA (Registro de Museos de Argentina). En ese marco, el secretario de Estado de Cultura, Ariel \u00c1valos, visit\u00f3 el espacio y felicit\u00f3 al equipo que lo conforma por su trabajo diario. En el acto, que fue llevado [&hellip;]<\/p>\n","protected":false},"author":4,"featured_media":33907,"comment_status":"closed","ping_status":"closed","sticky":false,"template":"","format":"standard","meta":{"_joinchat":[],"footnotes":""},"categories":[39],"tags":[],"class_list":["post-33906","post","type-post","status-publish","format-standard","has-post-thumbnail","hentry","category-en-esta-seccion"],"_links":{"self":[{"href":"https:\/\/www.elpolitologoyelpolitico.com.ar\/wordpress\/wp-json\/wp\/v2\/posts\/33906","targetHints":{"allow":["GET"]}}],"collection":[{"href":"https:\/\/www.elpolitologoyelpolitico.com.ar\/wordpress\/wp-json\/wp\/v2\/posts"}],"about":[{"href":"https:\/\/www.elpolitologoyelpolitico.com.ar\/wordpress\/wp-json\/wp\/v2\/types\/post"}],"author":[{"embeddable":true,"href":"https:\/\/www.elpolitologoyelpolitico.com.ar\/wordpress\/wp-json\/wp\/v2\/users\/4"}],"replies":[{"embeddable":true,"href":"https:\/\/www.elpolitologoyelpolitico.com.ar\/wordpress\/wp-json\/wp\/v2\/comments?post=33906"}],"version-history":[{"count":0,"href":"https:\/\/www.elpolitologoyelpolitico.com.ar\/wordpress\/wp-json\/wp\/v2\/posts\/33906\/revisions"}],"wp:featuredmedia":[{"embeddable":true,"href":"https:\/\/www.elpolitologoyelpolitico.com.ar\/wordpress\/wp-json\/wp\/v2\/media\/33907"}],"wp:attachment":[{"href":"https:\/\/www.elpolitologoyelpolitico.com.ar\/wordpress\/wp-json\/wp\/v2\/media?parent=33906"}],"wp:term":[{"taxonomy":"category","embeddable":true,"href":"https:\/\/www.elpolitologoyelpolitico.com.ar\/wordpress\/wp-json\/wp\/v2\/categories?post=33906"},{"taxonomy":"post_tag","embeddable":true,"href":"https:\/\/www.elpolitologoyelpolitico.com.ar\/wordpress\/wp-json\/wp\/v2\/tags?post=33906"}],"curies":[{"name":"wp","href":"https:\/\/api.w.org\/{rel}","templated":true}]}}