{"id":33860,"date":"2023-08-29T10:00:20","date_gmt":"2023-08-29T13:00:20","guid":{"rendered":"https:\/\/www.elpolitologoyelpolitico.com.ar\/wordpress\/?p=33860"},"modified":"2023-08-29T10:00:22","modified_gmt":"2023-08-29T13:00:22","slug":"ricardo-marino-se-reunio-con-concejales-y-solicitan-al-intendente-zara-el-pago-de-60-000-para-los-empleados-estatales-y-privados","status":"publish","type":"post","link":"https:\/\/www.elpolitologoyelpolitico.com.ar\/wordpress\/2023\/08\/29\/ricardo-marino-se-reunio-con-concejales-y-solicitan-al-intendente-zara-el-pago-de-60-000-para-los-empleados-estatales-y-privados\/","title":{"rendered":"Ricardo Marino se reuni\u00f3 con concejales y solicitan al intendente Zara el pago de $60.000 para los empleados estatales y privados"},"content":{"rendered":"\n<p>El candidato a Intendente Ricardo Marino, se reuni\u00f3 con los Concejales de Union por la Patria en el marco de las medidas anunciadas por Sergio Massa.<\/p>\n\n\n\n<p>Por tal motivo concejales de Uni\u00f3n x la Patria solicitaron al Intendente Zara que el Municipio de Patagones, adhiera a la medida dada a conocer por el Ministro de Econom\u00eda de la Naci\u00f3n, Dr Sergio Massa, para que los empleados p\u00fablicos (y privados) que perciban salarios de hasta $400.000 reciban los $60.000 en 2 cuotas de $30.000, en los meses de septiembre y octubre del corriente a\u00f1o. Medida \u00e9sta, anunciada junto a otras, en beneficio de los habitantes de nuestra Naci\u00f3n.<\/p>\n<div class=\"fb-background-color\">\n\t\t\t  <div \n\t\t\t  \tclass = \"fb-comments\" \n\t\t\t  \tdata-href = \"https:\/\/www.elpolitologoyelpolitico.com.ar\/wordpress\/2023\/08\/29\/ricardo-marino-se-reunio-con-concejales-y-solicitan-al-intendente-zara-el-pago-de-60-000-para-los-empleados-estatales-y-privados\/\"\n\t\t\t  \tdata-numposts = \"10\"\n\t\t\t  \tdata-lazy = \"true\"\n\t\t\t\tdata-colorscheme = \"light\"\n\t\t\t\tdata-order-by = \"social\"\n\t\t\t\tdata-mobile=true>\n\t\t\t  <\/div><\/div>\n\t\t  <style>\n\t\t    .fb-background-color {\n\t\t\t\tbackground: #ffffff !important;\n\t\t\t}\n\t\t\t.fb_iframe_widget_fluid_desktop iframe {\n\t\t\t    width: 100% !important;\n\t\t\t}\n\t\t  <\/style>\n\t\t  ","protected":false},"excerpt":{"rendered":"<p>El candidato a Intendente Ricardo Marino, se reuni\u00f3 con los Concejales de Union por la Patria en el marco de las medidas anunciadas por Sergio Massa. Por tal motivo concejales de Uni\u00f3n x la Patria solicitaron al Intendente Zara que el Municipio de Patagones, adhiera a la medida dada a conocer por el Ministro de [&hellip;]<\/p>\n","protected":false},"author":4,"featured_media":33861,"comment_status":"closed","ping_status":"closed","sticky":false,"template":"","format":"standard","meta":{"_joinchat":[],"footnotes":""},"categories":[39],"tags":[],"class_list":["post-33860","post","type-post","status-publish","format-standard","has-post-thumbnail","hentry","category-en-esta-seccion"],"_links":{"self":[{"href":"https:\/\/www.elpolitologoyelpolitico.com.ar\/wordpress\/wp-json\/wp\/v2\/posts\/33860","targetHints":{"allow":["GET"]}}],"collection":[{"href":"https:\/\/www.elpolitologoyelpolitico.com.ar\/wordpress\/wp-json\/wp\/v2\/posts"}],"about":[{"href":"https:\/\/www.elpolitologoyelpolitico.com.ar\/wordpress\/wp-json\/wp\/v2\/types\/post"}],"author":[{"embeddable":true,"href":"https:\/\/www.elpolitologoyelpolitico.com.ar\/wordpress\/wp-json\/wp\/v2\/users\/4"}],"replies":[{"embeddable":true,"href":"https:\/\/www.elpolitologoyelpolitico.com.ar\/wordpress\/wp-json\/wp\/v2\/comments?post=33860"}],"version-history":[{"count":0,"href":"https:\/\/www.elpolitologoyelpolitico.com.ar\/wordpress\/wp-json\/wp\/v2\/posts\/33860\/revisions"}],"wp:featuredmedia":[{"embeddable":true,"href":"https:\/\/www.elpolitologoyelpolitico.com.ar\/wordpress\/wp-json\/wp\/v2\/media\/33861"}],"wp:attachment":[{"href":"https:\/\/www.elpolitologoyelpolitico.com.ar\/wordpress\/wp-json\/wp\/v2\/media?parent=33860"}],"wp:term":[{"taxonomy":"category","embeddable":true,"href":"https:\/\/www.elpolitologoyelpolitico.com.ar\/wordpress\/wp-json\/wp\/v2\/categories?post=33860"},{"taxonomy":"post_tag","embeddable":true,"href":"https:\/\/www.elpolitologoyelpolitico.com.ar\/wordpress\/wp-json\/wp\/v2\/tags?post=33860"}],"curies":[{"name":"wp","href":"https:\/\/api.w.org\/{rel}","templated":true}]}}