{"id":33857,"date":"2023-08-28T23:57:05","date_gmt":"2023-08-29T02:57:05","guid":{"rendered":"https:\/\/www.elpolitologoyelpolitico.com.ar\/wordpress\/?p=33857"},"modified":"2023-08-28T23:57:06","modified_gmt":"2023-08-29T02:57:06","slug":"el-2-de-septiembre-comenzara-el-pago-de-sueldos-a-estatales-de-rio-negro","status":"publish","type":"post","link":"https:\/\/www.elpolitologoyelpolitico.com.ar\/wordpress\/2023\/08\/28\/el-2-de-septiembre-comenzara-el-pago-de-sueldos-a-estatales-de-rio-negro\/","title":{"rendered":"El 2 de septiembre comenzar\u00e1 el pago de sueldos a estatales de R\u00edo Negro"},"content":{"rendered":"\n<p>Comenzar\u00e1 el s\u00e1bado 2 de septiembre el pago de sueldos en la Administraci\u00f3n P\u00fablica rionegrina, con el dep\u00f3sito al sector de Salud, incluidas las horas extras y guardias.<\/p>\n\n\n\n<p>El cronograma continuar\u00e1 el martes 5 con los salarios al personal policial y penitenciarios, mientras que el mi\u00e9rcoles 6 ser\u00e1 el turno de docentes y porteros.<\/p>\n\n\n\n<p>El jueves 7 se depositar\u00e1n los haberes del personal enmarcado en la Ley 1844, Vialidad Rionegrina y pensiones de Bomberos Voluntarios.<\/p>\n\n\n\n<p>Finalmente, el pago de salarios culminar\u00e1 el viernes 8 con el dep\u00f3sito a los agentes de los poderes Legislativo, Judicial y Organismos de Control.<\/p>\n\n\n\n<p>El&nbsp;Gobierno Provincial liquidar\u00e1 los salarios de agosto con un 9% de incremento, tras lo acordado en la Mesa de la Funci\u00f3n P\u00fablica.<\/p>\n<div class=\"fb-background-color\">\n\t\t\t  <div \n\t\t\t  \tclass = \"fb-comments\" \n\t\t\t  \tdata-href = \"https:\/\/www.elpolitologoyelpolitico.com.ar\/wordpress\/2023\/08\/28\/el-2-de-septiembre-comenzara-el-pago-de-sueldos-a-estatales-de-rio-negro\/\"\n\t\t\t  \tdata-numposts = \"10\"\n\t\t\t  \tdata-lazy = \"true\"\n\t\t\t\tdata-colorscheme = \"light\"\n\t\t\t\tdata-order-by = \"social\"\n\t\t\t\tdata-mobile=true>\n\t\t\t  <\/div><\/div>\n\t\t  <style>\n\t\t    .fb-background-color {\n\t\t\t\tbackground: #ffffff !important;\n\t\t\t}\n\t\t\t.fb_iframe_widget_fluid_desktop iframe {\n\t\t\t    width: 100% !important;\n\t\t\t}\n\t\t  <\/style>\n\t\t  ","protected":false},"excerpt":{"rendered":"<p>Comenzar\u00e1 el s\u00e1bado 2 de septiembre el pago de sueldos en la Administraci\u00f3n P\u00fablica rionegrina, con el dep\u00f3sito al sector de Salud, incluidas las horas extras y guardias. El cronograma continuar\u00e1 el martes 5 con los salarios al personal policial y penitenciarios, mientras que el mi\u00e9rcoles 6 ser\u00e1 el turno de docentes y porteros. El [&hellip;]<\/p>\n","protected":false},"author":4,"featured_media":33858,"comment_status":"closed","ping_status":"closed","sticky":false,"template":"","format":"standard","meta":{"_joinchat":[],"footnotes":""},"categories":[39],"tags":[],"class_list":["post-33857","post","type-post","status-publish","format-standard","has-post-thumbnail","hentry","category-en-esta-seccion"],"_links":{"self":[{"href":"https:\/\/www.elpolitologoyelpolitico.com.ar\/wordpress\/wp-json\/wp\/v2\/posts\/33857","targetHints":{"allow":["GET"]}}],"collection":[{"href":"https:\/\/www.elpolitologoyelpolitico.com.ar\/wordpress\/wp-json\/wp\/v2\/posts"}],"about":[{"href":"https:\/\/www.elpolitologoyelpolitico.com.ar\/wordpress\/wp-json\/wp\/v2\/types\/post"}],"author":[{"embeddable":true,"href":"https:\/\/www.elpolitologoyelpolitico.com.ar\/wordpress\/wp-json\/wp\/v2\/users\/4"}],"replies":[{"embeddable":true,"href":"https:\/\/www.elpolitologoyelpolitico.com.ar\/wordpress\/wp-json\/wp\/v2\/comments?post=33857"}],"version-history":[{"count":0,"href":"https:\/\/www.elpolitologoyelpolitico.com.ar\/wordpress\/wp-json\/wp\/v2\/posts\/33857\/revisions"}],"wp:featuredmedia":[{"embeddable":true,"href":"https:\/\/www.elpolitologoyelpolitico.com.ar\/wordpress\/wp-json\/wp\/v2\/media\/33858"}],"wp:attachment":[{"href":"https:\/\/www.elpolitologoyelpolitico.com.ar\/wordpress\/wp-json\/wp\/v2\/media?parent=33857"}],"wp:term":[{"taxonomy":"category","embeddable":true,"href":"https:\/\/www.elpolitologoyelpolitico.com.ar\/wordpress\/wp-json\/wp\/v2\/categories?post=33857"},{"taxonomy":"post_tag","embeddable":true,"href":"https:\/\/www.elpolitologoyelpolitico.com.ar\/wordpress\/wp-json\/wp\/v2\/tags?post=33857"}],"curies":[{"name":"wp","href":"https:\/\/api.w.org\/{rel}","templated":true}]}}