{"id":33828,"date":"2023-08-28T15:01:38","date_gmt":"2023-08-28T18:01:38","guid":{"rendered":"https:\/\/www.elpolitologoyelpolitico.com.ar\/wordpress\/?p=33828"},"modified":"2023-08-28T15:01:40","modified_gmt":"2023-08-28T18:01:40","slug":"miles-de-familias-celebraron-el-dia-de-las-infancias-en-el-parque-ferreira-de-viedma","status":"publish","type":"post","link":"https:\/\/www.elpolitologoyelpolitico.com.ar\/wordpress\/2023\/08\/28\/miles-de-familias-celebraron-el-dia-de-las-infancias-en-el-parque-ferreira-de-viedma\/","title":{"rendered":"Miles de familias celebraron el D\u00eda de las Infancias en el Parque Ferreira de Viedma"},"content":{"rendered":"\n<p>Durante la jornada, ni\u00f1as y ni\u00f1os disfrutaron de m\u00faltiples juegos de kermes, peloteros, inflables, actividades circenses, m\u00fasica, maquillaje art\u00edstico, entre otras propuestas.&nbsp;<\/p>\n\n\n\n<p>En el escenario se present\u00f3 \u00abComarca Circo\u00bb con un show para toda la familia.&nbsp;<\/p>\n\n\n\n<p>Adem\u00e1s la jornada estuvo acompa\u00f1ada por agentes sanitarios del Hospital Zatti, que brindaban informaci\u00f3n sobre h\u00e1bitos saludables en la infancia. Otras instituciones tambi\u00e9n armaron puestos y stands para divulgar sus actividades.<\/p>\n\n\n\n<p>\u00abMe enorgullece que los viedmenses podamos demostrar y demostrarnos que toda una comunidad puede festejar integrada y en paz, y mucho m\u00e1s cuando se trata de compartir una jornada dedicada a la felicidad de ni\u00f1as y ni\u00f1os\u00bb, manifest\u00f3 el intendente Pedro Pesatti al cerrar la jornada.<\/p>\n\n\n\n<p>Sobre la importancia del encuentro, el jefe comunal agreg\u00f3 que \u00abesta tarde fue un gran ejemplo de lo que significa integrar a todos los sectores, fortalecer los lazos sociales, sin diferencias de ninguna naturaleza y con actividades gratuitas para absolutamente todos los vecinos y vecinas de la ciudad\u00bb.<\/p>\n\n\n\n<p>Finalmente Pesatti manifest\u00f3 su agradecimiento \u00abcon quienes trabajaron arduamente para que pudi\u00e9ramos vivir una tarde tan hermosa, Ser\u00eda injusto nombrarlos porque seguramente me olvidar\u00eda de alguien, pero a todas las personas que estuvieron poniendo cuerpo y alma quiero hacerles llegar mi mas sincero reconocimiento\u00bb.<br>Este masivo evento fue organizado y coordinado por el Gobierno de Viedma junto a la empresa Cementos del Valle, y el acompa\u00f1amiento de Loter\u00eda de R\u00edo Negro.<\/p>\n\n\n\n<p><\/p>\n\n\n\n<figure class=\"wp-block-gallery has-nested-images columns-default is-cropped wp-block-gallery-1 is-layout-flex wp-block-gallery-is-layout-flex\">\n<figure class=\"wp-block-image size-large\"><img fetchpriority=\"high\" decoding=\"async\" width=\"720\" height=\"480\" data-id=\"33830\" src=\"https:\/\/www.elpolitologoyelpolitico.com.ar\/wp-content\/uploads\/2023\/08\/IMG-20230828-WA0004.jpg\" alt=\"\" class=\"wp-image-33830\" srcset=\"https:\/\/www.elpolitologoyelpolitico.com.ar\/wp-content\/uploads\/2023\/08\/IMG-20230828-WA0004.jpg 720w, https:\/\/www.elpolitologoyelpolitico.com.ar\/wp-content\/uploads\/2023\/08\/IMG-20230828-WA0004-300x200.jpg 300w\" sizes=\"(max-width: 720px) 100vw, 720px\" \/><\/figure>\n\n\n\n<figure class=\"wp-block-image size-large\"><img decoding=\"async\" width=\"720\" height=\"480\" data-id=\"33831\" src=\"https:\/\/www.elpolitologoyelpolitico.com.ar\/wp-content\/uploads\/2023\/08\/IMG-20230828-WA0003.jpg\" alt=\"\" class=\"wp-image-33831\" srcset=\"https:\/\/www.elpolitologoyelpolitico.com.ar\/wp-content\/uploads\/2023\/08\/IMG-20230828-WA0003.jpg 720w, https:\/\/www.elpolitologoyelpolitico.com.ar\/wp-content\/uploads\/2023\/08\/IMG-20230828-WA0003-300x200.jpg 300w\" sizes=\"(max-width: 720px) 100vw, 720px\" \/><\/figure>\n\n\n\n<figure class=\"wp-block-image size-large\"><img decoding=\"async\" width=\"720\" height=\"480\" data-id=\"33832\" src=\"https:\/\/www.elpolitologoyelpolitico.com.ar\/wp-content\/uploads\/2023\/08\/IMG-20230828-WA0005.jpg\" alt=\"\" class=\"wp-image-33832\" srcset=\"https:\/\/www.elpolitologoyelpolitico.com.ar\/wp-content\/uploads\/2023\/08\/IMG-20230828-WA0005.jpg 720w, https:\/\/www.elpolitologoyelpolitico.com.ar\/wp-content\/uploads\/2023\/08\/IMG-20230828-WA0005-300x200.jpg 300w\" sizes=\"(max-width: 720px) 100vw, 720px\" \/><\/figure>\n\n\n\n<figure class=\"wp-block-image size-large\"><img loading=\"lazy\" decoding=\"async\" width=\"720\" height=\"480\" data-id=\"33833\" src=\"https:\/\/www.elpolitologoyelpolitico.com.ar\/wp-content\/uploads\/2023\/08\/IMG-20230828-WA0001.jpg\" alt=\"\" class=\"wp-image-33833\" srcset=\"https:\/\/www.elpolitologoyelpolitico.com.ar\/wp-content\/uploads\/2023\/08\/IMG-20230828-WA0001.jpg 720w, https:\/\/www.elpolitologoyelpolitico.com.ar\/wp-content\/uploads\/2023\/08\/IMG-20230828-WA0001-300x200.jpg 300w\" sizes=\"(max-width: 720px) 100vw, 720px\" \/><\/figure>\n<\/figure>\n<div class=\"fb-background-color\">\n\t\t\t  <div \n\t\t\t  \tclass = \"fb-comments\" \n\t\t\t  \tdata-href = \"https:\/\/www.elpolitologoyelpolitico.com.ar\/wordpress\/2023\/08\/28\/miles-de-familias-celebraron-el-dia-de-las-infancias-en-el-parque-ferreira-de-viedma\/\"\n\t\t\t  \tdata-numposts = \"10\"\n\t\t\t  \tdata-lazy = \"true\"\n\t\t\t\tdata-colorscheme = \"light\"\n\t\t\t\tdata-order-by = \"social\"\n\t\t\t\tdata-mobile=true>\n\t\t\t  <\/div><\/div>\n\t\t  <style>\n\t\t    .fb-background-color {\n\t\t\t\tbackground: #ffffff !important;\n\t\t\t}\n\t\t\t.fb_iframe_widget_fluid_desktop iframe {\n\t\t\t    width: 100% !important;\n\t\t\t}\n\t\t  <\/style>\n\t\t  ","protected":false},"excerpt":{"rendered":"<p>Durante la jornada, ni\u00f1as y ni\u00f1os disfrutaron de m\u00faltiples juegos de kermes, peloteros, inflables, actividades circenses, m\u00fasica, maquillaje art\u00edstico, entre otras propuestas.&nbsp; En el escenario se present\u00f3 \u00abComarca Circo\u00bb con un show para toda la familia.&nbsp; Adem\u00e1s la jornada estuvo acompa\u00f1ada por agentes sanitarios del Hospital Zatti, que brindaban informaci\u00f3n sobre h\u00e1bitos saludables en la [&hellip;]<\/p>\n","protected":false},"author":4,"featured_media":33829,"comment_status":"closed","ping_status":"closed","sticky":false,"template":"","format":"standard","meta":{"_joinchat":[],"footnotes":""},"categories":[39],"tags":[],"class_list":["post-33828","post","type-post","status-publish","format-standard","has-post-thumbnail","hentry","category-en-esta-seccion"],"_links":{"self":[{"href":"https:\/\/www.elpolitologoyelpolitico.com.ar\/wordpress\/wp-json\/wp\/v2\/posts\/33828","targetHints":{"allow":["GET"]}}],"collection":[{"href":"https:\/\/www.elpolitologoyelpolitico.com.ar\/wordpress\/wp-json\/wp\/v2\/posts"}],"about":[{"href":"https:\/\/www.elpolitologoyelpolitico.com.ar\/wordpress\/wp-json\/wp\/v2\/types\/post"}],"author":[{"embeddable":true,"href":"https:\/\/www.elpolitologoyelpolitico.com.ar\/wordpress\/wp-json\/wp\/v2\/users\/4"}],"replies":[{"embeddable":true,"href":"https:\/\/www.elpolitologoyelpolitico.com.ar\/wordpress\/wp-json\/wp\/v2\/comments?post=33828"}],"version-history":[{"count":0,"href":"https:\/\/www.elpolitologoyelpolitico.com.ar\/wordpress\/wp-json\/wp\/v2\/posts\/33828\/revisions"}],"wp:featuredmedia":[{"embeddable":true,"href":"https:\/\/www.elpolitologoyelpolitico.com.ar\/wordpress\/wp-json\/wp\/v2\/media\/33829"}],"wp:attachment":[{"href":"https:\/\/www.elpolitologoyelpolitico.com.ar\/wordpress\/wp-json\/wp\/v2\/media?parent=33828"}],"wp:term":[{"taxonomy":"category","embeddable":true,"href":"https:\/\/www.elpolitologoyelpolitico.com.ar\/wordpress\/wp-json\/wp\/v2\/categories?post=33828"},{"taxonomy":"post_tag","embeddable":true,"href":"https:\/\/www.elpolitologoyelpolitico.com.ar\/wordpress\/wp-json\/wp\/v2\/tags?post=33828"}],"curies":[{"name":"wp","href":"https:\/\/api.w.org\/{rel}","templated":true}]}}