{"id":33812,"date":"2023-08-25T22:59:06","date_gmt":"2023-08-26T01:59:06","guid":{"rendered":"https:\/\/www.elpolitologoyelpolitico.com.ar\/wordpress\/?p=33812"},"modified":"2023-08-25T22:59:08","modified_gmt":"2023-08-26T01:59:08","slug":"gobierno-de-viedma-promovera-la-concientizacion-en-seguridad-vial-con-la-fundacion-estrellas-amarillas","status":"publish","type":"post","link":"https:\/\/www.elpolitologoyelpolitico.com.ar\/wordpress\/2023\/08\/25\/gobierno-de-viedma-promovera-la-concientizacion-en-seguridad-vial-con-la-fundacion-estrellas-amarillas\/","title":{"rendered":"Gobierno de Viedma promover\u00e1 la concientizaci\u00f3n en Seguridad Vial con la fundaci\u00f3n Estrellas Amarillas"},"content":{"rendered":"\n<p>El Gobierno de Viedma, a trav\u00e9s de la Agencia de Seguridad Vial de la Municipalidad, organiz\u00f3 una serie de iniciativas para fomentar la reflexi\u00f3n y concientizaci\u00f3n sobre la seguridad vial, dirigidas tanto a ni\u00f1os, ni\u00f1as y adolescentes como al p\u00fablico en general.<\/p>\n\n\n\n<p>El titular de la agencia Jorge Vilca inform\u00f3 que en colaboraci\u00f3n con la Fundaci\u00f3n Estrellas Amarillas, se avanzar\u00e1 en eventos especiales para el D\u00eda de las Infancias, a celebrarse en el Parque Ferreira el 27 de agosto.<\/p>\n\n\n\n<p>La fundaci\u00f3n, con su enfoque en la concienciaci\u00f3n vial, desempe\u00f1ar\u00e1 un papel fundamental en estas actividades dise\u00f1adas para educar a los j\u00f3venes sobre los riesgos en calles y rutas.<\/p>\n\n\n\n<p>\u00abEl domingo 27, traeremos un parque itinerante de la Fundaci\u00f3n Estrellas Amarillas desde La Pampa para que los ni\u00f1os puedan disfrutar de un espacio educativo en seguridad vial\u00bb, se\u00f1al\u00f3 Vilca.<\/p>\n\n\n\n<p>Destac\u00f3 la colaboraci\u00f3n con Vialidad Nacional para hacer posible la llegada del parque y brindar esta oportunidad a la comunidad.<\/p>\n\n\n\n<p>\u00abDespu\u00e9s del domingo, continuaremos en el anexo del \u00c1ngel Cayetano Arias durante tres d\u00edas, ofreciendo a los estudiantes una experiencia educativa en seguridad vial\u00bb, continu\u00f3 el funcionario.<\/p>\n\n\n\n<p>Se espera la participaci\u00f3n de un experto en seguridad vial de Chubut, quien brindar\u00e1 charlas y proyectar\u00e1 videos especialmente dirigidos a j\u00f3venes que pronto obtendr\u00e1n su licencia de conducir.<br>\u00abEstamos coordinando con las escuelas para invitar a los estudiantes a participar activamente\u00bb, afirm\u00f3 Vilca.<\/p>\n\n\n\n<p>Tambi\u00e9n enfatiz\u00f3 que referentes de la Fundaci\u00f3n Estrella Amarilla de diferentes regiones de la Patagonia estar\u00e1n presentes, junto con representantes de la Agencia Nacional de Seguridad Vial, enriqueciendo el evento con diversas perspectivas<\/p>\n<div class=\"fb-background-color\">\n\t\t\t  <div \n\t\t\t  \tclass = \"fb-comments\" \n\t\t\t  \tdata-href = \"https:\/\/www.elpolitologoyelpolitico.com.ar\/wordpress\/2023\/08\/25\/gobierno-de-viedma-promovera-la-concientizacion-en-seguridad-vial-con-la-fundacion-estrellas-amarillas\/\"\n\t\t\t  \tdata-numposts = \"10\"\n\t\t\t  \tdata-lazy = \"true\"\n\t\t\t\tdata-colorscheme = \"light\"\n\t\t\t\tdata-order-by = \"social\"\n\t\t\t\tdata-mobile=true>\n\t\t\t  <\/div><\/div>\n\t\t  <style>\n\t\t    .fb-background-color {\n\t\t\t\tbackground: #ffffff !important;\n\t\t\t}\n\t\t\t.fb_iframe_widget_fluid_desktop iframe {\n\t\t\t    width: 100% !important;\n\t\t\t}\n\t\t  <\/style>\n\t\t  ","protected":false},"excerpt":{"rendered":"<p>El Gobierno de Viedma, a trav\u00e9s de la Agencia de Seguridad Vial de la Municipalidad, organiz\u00f3 una serie de iniciativas para fomentar la reflexi\u00f3n y concientizaci\u00f3n sobre la seguridad vial, dirigidas tanto a ni\u00f1os, ni\u00f1as y adolescentes como al p\u00fablico en general. El titular de la agencia Jorge Vilca inform\u00f3 que en colaboraci\u00f3n con la [&hellip;]<\/p>\n","protected":false},"author":4,"featured_media":33813,"comment_status":"closed","ping_status":"closed","sticky":false,"template":"","format":"standard","meta":{"_joinchat":[],"footnotes":""},"categories":[39],"tags":[],"class_list":["post-33812","post","type-post","status-publish","format-standard","has-post-thumbnail","hentry","category-en-esta-seccion"],"_links":{"self":[{"href":"https:\/\/www.elpolitologoyelpolitico.com.ar\/wordpress\/wp-json\/wp\/v2\/posts\/33812","targetHints":{"allow":["GET"]}}],"collection":[{"href":"https:\/\/www.elpolitologoyelpolitico.com.ar\/wordpress\/wp-json\/wp\/v2\/posts"}],"about":[{"href":"https:\/\/www.elpolitologoyelpolitico.com.ar\/wordpress\/wp-json\/wp\/v2\/types\/post"}],"author":[{"embeddable":true,"href":"https:\/\/www.elpolitologoyelpolitico.com.ar\/wordpress\/wp-json\/wp\/v2\/users\/4"}],"replies":[{"embeddable":true,"href":"https:\/\/www.elpolitologoyelpolitico.com.ar\/wordpress\/wp-json\/wp\/v2\/comments?post=33812"}],"version-history":[{"count":0,"href":"https:\/\/www.elpolitologoyelpolitico.com.ar\/wordpress\/wp-json\/wp\/v2\/posts\/33812\/revisions"}],"wp:featuredmedia":[{"embeddable":true,"href":"https:\/\/www.elpolitologoyelpolitico.com.ar\/wordpress\/wp-json\/wp\/v2\/media\/33813"}],"wp:attachment":[{"href":"https:\/\/www.elpolitologoyelpolitico.com.ar\/wordpress\/wp-json\/wp\/v2\/media?parent=33812"}],"wp:term":[{"taxonomy":"category","embeddable":true,"href":"https:\/\/www.elpolitologoyelpolitico.com.ar\/wordpress\/wp-json\/wp\/v2\/categories?post=33812"},{"taxonomy":"post_tag","embeddable":true,"href":"https:\/\/www.elpolitologoyelpolitico.com.ar\/wordpress\/wp-json\/wp\/v2\/tags?post=33812"}],"curies":[{"name":"wp","href":"https:\/\/api.w.org\/{rel}","templated":true}]}}