{"id":33807,"date":"2023-08-25T22:51:25","date_gmt":"2023-08-26T01:51:25","guid":{"rendered":"https:\/\/www.elpolitologoyelpolitico.com.ar\/wordpress\/?p=33807"},"modified":"2023-08-25T22:51:26","modified_gmt":"2023-08-26T01:51:26","slug":"afa-eligio-a-bariloche-como-sede-del-futsal-y-destaco-gestiones-de-carreras","status":"publish","type":"post","link":"https:\/\/www.elpolitologoyelpolitico.com.ar\/wordpress\/2023\/08\/25\/afa-eligio-a-bariloche-como-sede-del-futsal-y-destaco-gestiones-de-carreras\/","title":{"rendered":"AFA eligi\u00f3 a Bariloche como sede del FUTSAL y destac\u00f3 gestiones de Carreras"},"content":{"rendered":"\n<p>La Gobernadora Arabela Carreras y el Presidente de la AFA, Claudio \u201cChiqui\u201d Tapia, firmaron este viernes en Bariloche un convenio para el desarrollo de actividades del FUTSAL en la ciudad y en otros lugares de R\u00edo Negro, lo que incluye partidos finales de campeonatos, cotejos de las selecciones de la disciplina y capacitaci\u00f3n. \u201cEste convenio que nos proyecta hacia el futuro en conjunto con la AFA\u00bb, destac\u00f3 la Mandataria.<\/p>\n\n\n\n<p>La presentaci\u00f3n se hizo mientras se juegan en Bariloche las semifinales y la final, que se disputar\u00e1 el pr\u00f3ximo s\u00e1bado, de la Copa Argentina 2023 Femenina y Masculina de Futsal AFA.&nbsp;<\/p>\n\n\n\n<p>Acompa\u00f1ada por el Ministro de Gobierno y Comunidad, Mariano Ferrari, y otros funcionarios locales y provinciales, la Gobernadora destac\u00f3 que Bariloche \u201ces una ciudad de monta\u00f1a y por su clima requiere muchas veces de espacios cerrados para los deportes y por eso hay mucha tradici\u00f3n de Futsal, tanto en varones como mujeres\u201d.<\/p>\n\n\n\n<p>\u201cHoy firmamos un convenio que nos proyecta hacia el futuro en conjunto con la AFA, ya que no s\u00f3lo traer\u00e1 competencias sino formaci\u00f3n para nuestros equipos t\u00e9cnicos y deportistas, quienes se van a ir profesionalizando y marcando nuevos hitos\u201d, agreg\u00f3.<\/p>\n\n\n\n<p>Destac\u00f3 adem\u00e1s que las semifinales y finales de la Copa Argentina de Futsal AFA que se juegan en la ciudad permitieron que \u201cun equipo de Bariloche compita a este nivel y tenga experiencia, lo que no es tan sencillo. Estamos lejos, por eso la representaci\u00f3n de Luna Park (equipo femenino de futsal) nos pone muy orgullosos\u201d.<\/p>\n\n\n\n<p>A su lado Tapia destac\u00f3 a la gobernadora Carreras por \u201chacer del deporte una pol\u00edtica de Estado\u201d, tambi\u00e9n elogi\u00f3 a Luna Park que lleg\u00f3 a la instancia definitoria compitiendo contra jugadoras de elite, y afirm\u00f3 que la AFA seguir\u00e1 trabajando por la federalizaci\u00f3n del f\u00fatbol masculino y femenino de todos los niveles.<\/p>\n\n\n\n<p>Tambi\u00e9n expuso sobre la importancia del Futsal en la gesti\u00f3n de la AFA Matias Lucuix, entrenador de la Selecci\u00f3n Argentina Masculina, y acerca de las pol\u00edticas de federalizaci\u00f3n Jonathan Sanzi, presidente de la Comisi\u00f3n Futsal de AFA.<\/p>\n\n\n\n<figure class=\"wp-block-gallery has-nested-images columns-default is-cropped wp-block-gallery-1 is-layout-flex wp-block-gallery-is-layout-flex\">\n<figure class=\"wp-block-image size-large\"><img fetchpriority=\"high\" decoding=\"async\" width=\"1024\" height=\"683\" data-id=\"33809\" src=\"https:\/\/www.elpolitologoyelpolitico.com.ar\/wp-content\/uploads\/2023\/08\/IMG-20230825-WA0046-1.jpg\" alt=\"\" class=\"wp-image-33809\" srcset=\"https:\/\/www.elpolitologoyelpolitico.com.ar\/wp-content\/uploads\/2023\/08\/IMG-20230825-WA0046-1.jpg 1024w, https:\/\/www.elpolitologoyelpolitico.com.ar\/wp-content\/uploads\/2023\/08\/IMG-20230825-WA0046-1-300x200.jpg 300w, https:\/\/www.elpolitologoyelpolitico.com.ar\/wp-content\/uploads\/2023\/08\/IMG-20230825-WA0046-1-768x512.jpg 768w\" sizes=\"(max-width: 1024px) 100vw, 1024px\" \/><\/figure>\n\n\n\n<figure class=\"wp-block-image size-large\"><img decoding=\"async\" width=\"1024\" height=\"683\" data-id=\"33810\" src=\"https:\/\/www.elpolitologoyelpolitico.com.ar\/wp-content\/uploads\/2023\/08\/IMG-20230825-WA0044.jpg\" alt=\"\" class=\"wp-image-33810\" srcset=\"https:\/\/www.elpolitologoyelpolitico.com.ar\/wp-content\/uploads\/2023\/08\/IMG-20230825-WA0044.jpg 1024w, https:\/\/www.elpolitologoyelpolitico.com.ar\/wp-content\/uploads\/2023\/08\/IMG-20230825-WA0044-300x200.jpg 300w, https:\/\/www.elpolitologoyelpolitico.com.ar\/wp-content\/uploads\/2023\/08\/IMG-20230825-WA0044-768x512.jpg 768w\" sizes=\"(max-width: 1024px) 100vw, 1024px\" \/><\/figure>\n<\/figure>\n<div class=\"fb-background-color\">\n\t\t\t  <div \n\t\t\t  \tclass = \"fb-comments\" \n\t\t\t  \tdata-href = \"https:\/\/www.elpolitologoyelpolitico.com.ar\/wordpress\/2023\/08\/25\/afa-eligio-a-bariloche-como-sede-del-futsal-y-destaco-gestiones-de-carreras\/\"\n\t\t\t  \tdata-numposts = \"10\"\n\t\t\t  \tdata-lazy = \"true\"\n\t\t\t\tdata-colorscheme = \"light\"\n\t\t\t\tdata-order-by = \"social\"\n\t\t\t\tdata-mobile=true>\n\t\t\t  <\/div><\/div>\n\t\t  <style>\n\t\t    .fb-background-color {\n\t\t\t\tbackground: #ffffff !important;\n\t\t\t}\n\t\t\t.fb_iframe_widget_fluid_desktop iframe {\n\t\t\t    width: 100% !important;\n\t\t\t}\n\t\t  <\/style>\n\t\t  ","protected":false},"excerpt":{"rendered":"<p>La Gobernadora Arabela Carreras y el Presidente de la AFA, Claudio \u201cChiqui\u201d Tapia, firmaron este viernes en Bariloche un convenio para el desarrollo de actividades del FUTSAL en la ciudad y en otros lugares de R\u00edo Negro, lo que incluye partidos finales de campeonatos, cotejos de las selecciones de la disciplina y capacitaci\u00f3n. \u201cEste convenio [&hellip;]<\/p>\n","protected":false},"author":4,"featured_media":33808,"comment_status":"closed","ping_status":"closed","sticky":false,"template":"","format":"standard","meta":{"_joinchat":[],"footnotes":""},"categories":[39],"tags":[],"class_list":["post-33807","post","type-post","status-publish","format-standard","has-post-thumbnail","hentry","category-en-esta-seccion"],"_links":{"self":[{"href":"https:\/\/www.elpolitologoyelpolitico.com.ar\/wordpress\/wp-json\/wp\/v2\/posts\/33807","targetHints":{"allow":["GET"]}}],"collection":[{"href":"https:\/\/www.elpolitologoyelpolitico.com.ar\/wordpress\/wp-json\/wp\/v2\/posts"}],"about":[{"href":"https:\/\/www.elpolitologoyelpolitico.com.ar\/wordpress\/wp-json\/wp\/v2\/types\/post"}],"author":[{"embeddable":true,"href":"https:\/\/www.elpolitologoyelpolitico.com.ar\/wordpress\/wp-json\/wp\/v2\/users\/4"}],"replies":[{"embeddable":true,"href":"https:\/\/www.elpolitologoyelpolitico.com.ar\/wordpress\/wp-json\/wp\/v2\/comments?post=33807"}],"version-history":[{"count":0,"href":"https:\/\/www.elpolitologoyelpolitico.com.ar\/wordpress\/wp-json\/wp\/v2\/posts\/33807\/revisions"}],"wp:featuredmedia":[{"embeddable":true,"href":"https:\/\/www.elpolitologoyelpolitico.com.ar\/wordpress\/wp-json\/wp\/v2\/media\/33808"}],"wp:attachment":[{"href":"https:\/\/www.elpolitologoyelpolitico.com.ar\/wordpress\/wp-json\/wp\/v2\/media?parent=33807"}],"wp:term":[{"taxonomy":"category","embeddable":true,"href":"https:\/\/www.elpolitologoyelpolitico.com.ar\/wordpress\/wp-json\/wp\/v2\/categories?post=33807"},{"taxonomy":"post_tag","embeddable":true,"href":"https:\/\/www.elpolitologoyelpolitico.com.ar\/wordpress\/wp-json\/wp\/v2\/tags?post=33807"}],"curies":[{"name":"wp","href":"https:\/\/api.w.org\/{rel}","templated":true}]}}