{"id":33791,"date":"2023-08-25T19:39:59","date_gmt":"2023-08-25T22:39:59","guid":{"rendered":"https:\/\/www.elpolitologoyelpolitico.com.ar\/wordpress\/?p=33791"},"modified":"2023-08-25T19:40:01","modified_gmt":"2023-08-25T22:40:01","slug":"importantes-avances-en-la-participacion-de-patagones-en-el-parlamento-patagonico","status":"publish","type":"post","link":"https:\/\/www.elpolitologoyelpolitico.com.ar\/wordpress\/2023\/08\/25\/importantes-avances-en-la-participacion-de-patagones-en-el-parlamento-patagonico\/","title":{"rendered":"IMPORTANTES AVANCES EN LA PARTICIPACI\u00d3N DE PATAGONES EN EL \u00a0PARLAMENTO PATAGONICO"},"content":{"rendered":"\n<p>En la ma\u00f1ana del mi\u00e9rcoles se reunieron el Presidente del HCD, Julio Costantino y Concejales, para delinear acciones que le permitan a Patagones tener participaci\u00f3n activa dentro del Parlamento Patag\u00f3nico.<\/p>\n\n\n\n<p>Luego de la presencia del Presidente del HCD, Julio Costantino y el Concejal Santiago Dalmau en la tercera sesi\u00f3n del Parlamento patag\u00f3nico, que se realiz\u00f3 en el mes de junio, en la cual, Costantino tuvo la oportunidad de exponer, logrando el compromiso la presidente y miembros del parlamento, de una apertura en la participaci\u00f3n de los representantes de Patagones. &nbsp;<\/p>\n\n\n\n<p>La pr\u00f3xima sesi\u00f3n que se realizar\u00e1 en La Pampa, en el mes de octubre y para ello, se program\u00f3 una reuni\u00f3n el viernes 25 del corriente a las 9 de la ma\u00f1ana en la Legislatura de Rio Negro con el Legislador Alejandro Marinao, Vicepresidente del Parlamento Patag\u00f3nico y Meri Cabezas, la Secretar\u00eda del Parlamento Patag\u00f3nico. &nbsp;&nbsp;<\/p>\n\n\n\n<p>Cabe mencionar que Patagones es el \u00fanico distrito de la provincia de Buenos Aires que integra el Parlamento Patag\u00f3nico, pero al d\u00eda de hoy solo como oyente y el Honorable Concejo Deliberante de Patagones trabaja activamente para lograr aportes m\u00e1s activos a dicho Parlamento.<\/p>\n\n\n\n<p>Participaron del encuentro el Presidente del HCD, Julio Costantino, la Secretaria Legislativa M\u00f3nica Devia, los Concejales Romina Colombi, Rosario Melluso, Diego Stainnekker, Armando Baril\u00e1, Ricardo Angos, Dolores Patan\u00e8, Nicol\u00e1s Garc\u00eda, Santiago Dalmau, Noelia Sep\u00falveda, Mariel Cinirella.<\/p>\n\n\n\n<figure class=\"wp-block-image size-full\"><img fetchpriority=\"high\" decoding=\"async\" width=\"720\" height=\"480\" src=\"https:\/\/www.elpolitologoyelpolitico.com.ar\/wp-content\/uploads\/2023\/08\/IMG-20230825-WA0007.jpg\" alt=\"\" class=\"wp-image-33794\" srcset=\"https:\/\/www.elpolitologoyelpolitico.com.ar\/wp-content\/uploads\/2023\/08\/IMG-20230825-WA0007.jpg 720w, https:\/\/www.elpolitologoyelpolitico.com.ar\/wp-content\/uploads\/2023\/08\/IMG-20230825-WA0007-300x200.jpg 300w\" sizes=\"(max-width: 720px) 100vw, 720px\" \/><\/figure>\n<div class=\"fb-background-color\">\n\t\t\t  <div \n\t\t\t  \tclass = \"fb-comments\" \n\t\t\t  \tdata-href = \"https:\/\/www.elpolitologoyelpolitico.com.ar\/wordpress\/2023\/08\/25\/importantes-avances-en-la-participacion-de-patagones-en-el-parlamento-patagonico\/\"\n\t\t\t  \tdata-numposts = \"10\"\n\t\t\t  \tdata-lazy = \"true\"\n\t\t\t\tdata-colorscheme = \"light\"\n\t\t\t\tdata-order-by = \"social\"\n\t\t\t\tdata-mobile=true>\n\t\t\t  <\/div><\/div>\n\t\t  <style>\n\t\t    .fb-background-color {\n\t\t\t\tbackground: #ffffff !important;\n\t\t\t}\n\t\t\t.fb_iframe_widget_fluid_desktop iframe {\n\t\t\t    width: 100% !important;\n\t\t\t}\n\t\t  <\/style>\n\t\t  ","protected":false},"excerpt":{"rendered":"<p>En la ma\u00f1ana del mi\u00e9rcoles se reunieron el Presidente del HCD, Julio Costantino y Concejales, para delinear acciones que le permitan a Patagones tener participaci\u00f3n activa dentro del Parlamento Patag\u00f3nico. Luego de la presencia del Presidente del HCD, Julio Costantino y el Concejal Santiago Dalmau en la tercera sesi\u00f3n del Parlamento patag\u00f3nico, que se realiz\u00f3 [&hellip;]<\/p>\n","protected":false},"author":4,"featured_media":33793,"comment_status":"closed","ping_status":"closed","sticky":false,"template":"","format":"standard","meta":{"_joinchat":[],"footnotes":""},"categories":[39],"tags":[],"class_list":["post-33791","post","type-post","status-publish","format-standard","has-post-thumbnail","hentry","category-en-esta-seccion"],"_links":{"self":[{"href":"https:\/\/www.elpolitologoyelpolitico.com.ar\/wordpress\/wp-json\/wp\/v2\/posts\/33791","targetHints":{"allow":["GET"]}}],"collection":[{"href":"https:\/\/www.elpolitologoyelpolitico.com.ar\/wordpress\/wp-json\/wp\/v2\/posts"}],"about":[{"href":"https:\/\/www.elpolitologoyelpolitico.com.ar\/wordpress\/wp-json\/wp\/v2\/types\/post"}],"author":[{"embeddable":true,"href":"https:\/\/www.elpolitologoyelpolitico.com.ar\/wordpress\/wp-json\/wp\/v2\/users\/4"}],"replies":[{"embeddable":true,"href":"https:\/\/www.elpolitologoyelpolitico.com.ar\/wordpress\/wp-json\/wp\/v2\/comments?post=33791"}],"version-history":[{"count":0,"href":"https:\/\/www.elpolitologoyelpolitico.com.ar\/wordpress\/wp-json\/wp\/v2\/posts\/33791\/revisions"}],"wp:featuredmedia":[{"embeddable":true,"href":"https:\/\/www.elpolitologoyelpolitico.com.ar\/wordpress\/wp-json\/wp\/v2\/media\/33793"}],"wp:attachment":[{"href":"https:\/\/www.elpolitologoyelpolitico.com.ar\/wordpress\/wp-json\/wp\/v2\/media?parent=33791"}],"wp:term":[{"taxonomy":"category","embeddable":true,"href":"https:\/\/www.elpolitologoyelpolitico.com.ar\/wordpress\/wp-json\/wp\/v2\/categories?post=33791"},{"taxonomy":"post_tag","embeddable":true,"href":"https:\/\/www.elpolitologoyelpolitico.com.ar\/wordpress\/wp-json\/wp\/v2\/tags?post=33791"}],"curies":[{"name":"wp","href":"https:\/\/api.w.org\/{rel}","templated":true}]}}