{"id":33778,"date":"2023-08-24T23:25:53","date_gmt":"2023-08-25T02:25:53","guid":{"rendered":"https:\/\/www.elpolitologoyelpolitico.com.ar\/wordpress\/?p=33778"},"modified":"2023-08-24T23:25:53","modified_gmt":"2023-08-25T02:25:53","slug":"carreras-dio-el-puntapie-inicial-y-ya-se-juegan-las-finales-de-futsal","status":"publish","type":"post","link":"https:\/\/www.elpolitologoyelpolitico.com.ar\/wordpress\/2023\/08\/24\/carreras-dio-el-puntapie-inicial-y-ya-se-juegan-las-finales-de-futsal\/","title":{"rendered":"Carreras dio el puntapi\u00e9 inicial y ya se juegan las finales de FUTSAL"},"content":{"rendered":"\n<p>La Gobernadora Arabela Carreras encabez\u00f3 la presentaci\u00f3n de la Final de la Copa Argentina 2023 Femenina y Masculina de FUTSAL AFA en San Carlos de Bariloche. La competencia se extender\u00e1 hasta el s\u00e1bado en el Gimnasio Municipal 3 y reunir\u00e1 a los mejores ocho equipos del pa\u00eds, cuatro por cada rama.<\/p>\n\n\n\n<p>En ese marco, la Gobernadora resalt\u00f3 la tarea conjunta con la AFA para llegar este logro, agradeci\u00f3 el apoyo de los sponsors locales y anunci\u00f3 que hoy se envi\u00f3 el proyecto de ley para poder declarar a San Carlos de Bariloche como Capital Nacional de FUTSAL.<\/p>\n\n\n\n<p>Las semifinales se disputar\u00e1n durante este jueves, para retomar la acci\u00f3n el s\u00e1bado con los duelos por el 3\u00b0 y 4\u00b0 Puesto a las 15hs para el Femenino y 17hs para el Masculino; y las Finales a las 19hs y 21hs, respectivamente. La premiaci\u00f3n se prev\u00e9 para las 22.45hs.<\/p>\n\n\n\n<p>La Gobernadora fue la encargada de darle la bienvenida a los equipos y de dar el puntapi\u00e9 inicial. Se mostr\u00f3 expectante por el desarrollo de esta actividad: \u201cEs una alegr\u00eda recibirlos, porque es un deporte que est\u00e1 ganando adeptos en todo el mundo y que adem\u00e1s se est\u00e1 profesionalizando\u201d.<\/p>\n\n\n\n<p>\u201cVamos a tener ocho equipos, uno de ellos de Bariloche. Es una alegr\u00eda poder ir creciendo en este deporte\u201d, dijo.<\/p>\n\n\n\n<p>Estas finales nacionales de FUTSAL, se desarrollan a pocos d\u00edas de presentarse el proyecto de Microestadio en la ciudad y, sobre esto, la Gobernadora afirm\u00f3: \u201cEstamos esperando la llegada de Claudio Tapia, el presidente de AFA, para presentarle el proyecto y que nos ayude a buscar el financiamiento necesario, creemos que ser\u00e1 la infraestructura perfecta para este deporte, y otros como gimnasia art\u00edstica, v\u00f3ley, b\u00e1squet y otros deportes; inclusive servir\u00e1 para recitales ya que albergar\u00e1 unas 10.000 personas de capacidad\u201d.<\/p>\n\n\n\n<p>Durante la presentaci\u00f3n, tambi\u00e9n estuvieron presentes el Ministro de Gobierno y Comunidad, Mariano Ferrari; la subsecretaria de Coordinaci\u00f3n Deportiva, Natalia Mildenberger; el presidente de la LIFUBA, Horacio Fuentes y el director de Eventos Deportivos, Pablo Cozzarin.<\/p>\n\n\n\n<p>En este marco, Mildenberger explic\u00f3 que Bariloche contar\u00e1 \u201ccon los cuatro mejores equipos del femenino y del masculino de toda la Argentina\u201d y remarc\u00f3 que esta iniciativa fue impulsada por la Gobernadora Carreras, luego de su visita a la sede de AFA.<\/p>\n\n\n\n<p>\u00a0En la rama masculina, participar\u00e1n los equipos La Quema (San Lu\u00eds), La Esperanza (Bah\u00eda Blanca), San Lorenzo de Almagro y 17 de Agosto (CABA). Por la rama femenina, jugar\u00e1n Yunke (San Lu\u00eds); All Boys, San Lorenzo de Almagro y Luna Park, el equipo local.<\/p>\n\n\n\n<figure class=\"wp-block-image size-large\"><img fetchpriority=\"high\" decoding=\"async\" width=\"1024\" height=\"682\" src=\"https:\/\/www.elpolitologoyelpolitico.com.ar\/wp-content\/uploads\/2023\/08\/IMG-20230824-WA0056-1024x682.jpg\" alt=\"\" class=\"wp-image-33780\" srcset=\"https:\/\/www.elpolitologoyelpolitico.com.ar\/wp-content\/uploads\/2023\/08\/IMG-20230824-WA0056-1024x682.jpg 1024w, https:\/\/www.elpolitologoyelpolitico.com.ar\/wp-content\/uploads\/2023\/08\/IMG-20230824-WA0056-300x200.jpg 300w, https:\/\/www.elpolitologoyelpolitico.com.ar\/wp-content\/uploads\/2023\/08\/IMG-20230824-WA0056-768x511.jpg 768w, https:\/\/www.elpolitologoyelpolitico.com.ar\/wp-content\/uploads\/2023\/08\/IMG-20230824-WA0056.jpg 1280w\" sizes=\"(max-width: 1024px) 100vw, 1024px\" \/><\/figure>\n<div class=\"fb-background-color\">\n\t\t\t  <div \n\t\t\t  \tclass = \"fb-comments\" \n\t\t\t  \tdata-href = \"https:\/\/www.elpolitologoyelpolitico.com.ar\/wordpress\/2023\/08\/24\/carreras-dio-el-puntapie-inicial-y-ya-se-juegan-las-finales-de-futsal\/\"\n\t\t\t  \tdata-numposts = \"10\"\n\t\t\t  \tdata-lazy = \"true\"\n\t\t\t\tdata-colorscheme = \"light\"\n\t\t\t\tdata-order-by = \"social\"\n\t\t\t\tdata-mobile=true>\n\t\t\t  <\/div><\/div>\n\t\t  <style>\n\t\t    .fb-background-color {\n\t\t\t\tbackground: #ffffff !important;\n\t\t\t}\n\t\t\t.fb_iframe_widget_fluid_desktop iframe {\n\t\t\t    width: 100% !important;\n\t\t\t}\n\t\t  <\/style>\n\t\t  ","protected":false},"excerpt":{"rendered":"<p>La Gobernadora Arabela Carreras encabez\u00f3 la presentaci\u00f3n de la Final de la Copa Argentina 2023 Femenina y Masculina de FUTSAL AFA en San Carlos de Bariloche. La competencia se extender\u00e1 hasta el s\u00e1bado en el Gimnasio Municipal 3 y reunir\u00e1 a los mejores ocho equipos del pa\u00eds, cuatro por cada rama. En ese marco, la [&hellip;]<\/p>\n","protected":false},"author":4,"featured_media":33779,"comment_status":"closed","ping_status":"closed","sticky":false,"template":"","format":"standard","meta":{"_joinchat":[],"footnotes":""},"categories":[39],"tags":[],"class_list":["post-33778","post","type-post","status-publish","format-standard","has-post-thumbnail","hentry","category-en-esta-seccion"],"_links":{"self":[{"href":"https:\/\/www.elpolitologoyelpolitico.com.ar\/wordpress\/wp-json\/wp\/v2\/posts\/33778","targetHints":{"allow":["GET"]}}],"collection":[{"href":"https:\/\/www.elpolitologoyelpolitico.com.ar\/wordpress\/wp-json\/wp\/v2\/posts"}],"about":[{"href":"https:\/\/www.elpolitologoyelpolitico.com.ar\/wordpress\/wp-json\/wp\/v2\/types\/post"}],"author":[{"embeddable":true,"href":"https:\/\/www.elpolitologoyelpolitico.com.ar\/wordpress\/wp-json\/wp\/v2\/users\/4"}],"replies":[{"embeddable":true,"href":"https:\/\/www.elpolitologoyelpolitico.com.ar\/wordpress\/wp-json\/wp\/v2\/comments?post=33778"}],"version-history":[{"count":0,"href":"https:\/\/www.elpolitologoyelpolitico.com.ar\/wordpress\/wp-json\/wp\/v2\/posts\/33778\/revisions"}],"wp:featuredmedia":[{"embeddable":true,"href":"https:\/\/www.elpolitologoyelpolitico.com.ar\/wordpress\/wp-json\/wp\/v2\/media\/33779"}],"wp:attachment":[{"href":"https:\/\/www.elpolitologoyelpolitico.com.ar\/wordpress\/wp-json\/wp\/v2\/media?parent=33778"}],"wp:term":[{"taxonomy":"category","embeddable":true,"href":"https:\/\/www.elpolitologoyelpolitico.com.ar\/wordpress\/wp-json\/wp\/v2\/categories?post=33778"},{"taxonomy":"post_tag","embeddable":true,"href":"https:\/\/www.elpolitologoyelpolitico.com.ar\/wordpress\/wp-json\/wp\/v2\/tags?post=33778"}],"curies":[{"name":"wp","href":"https:\/\/api.w.org\/{rel}","templated":true}]}}