{"id":33771,"date":"2023-08-24T18:20:51","date_gmt":"2023-08-24T21:20:51","guid":{"rendered":"https:\/\/www.elpolitologoyelpolitico.com.ar\/wordpress\/?p=33771"},"modified":"2023-08-24T18:20:52","modified_gmt":"2023-08-24T21:20:52","slug":"jornada-de-castracion-vacunacion-y-desparasitacion-de-mascotas-en-el-barrio-villa-mazzini","status":"publish","type":"post","link":"https:\/\/www.elpolitologoyelpolitico.com.ar\/wordpress\/2023\/08\/24\/jornada-de-castracion-vacunacion-y-desparasitacion-de-mascotas-en-el-barrio-villa-mazzini\/","title":{"rendered":"Jornada de castraci\u00f3n, vacunaci\u00f3n y desparasitaci\u00f3n de mascotas en el barrio Villa Mazzini"},"content":{"rendered":"\n<p>En el marco del Operativo de castraci\u00f3n, vacunaci\u00f3n y desparasitaci\u00f3n de mascotas que lleva adelante la Secretar\u00eda de Salud, a trav\u00e9s del \u00e1rea de Coordinaci\u00f3n de Programas Sanitarios, con personal del \u00e1rea de Zoonosis, se realiz\u00f3 una nueva jornada en el barrio Villa Mazzini.<\/p>\n\n\n\n<p>La actividad tuvo lugar en la sede de la Comisi\u00f3n de Fomento, donde los vecinos se acercaron para acceder a los servicios que se brindan de forma gratuita.<\/p>\n\n\n\n<p>Se realizaron castraciones, se colocaron vacunas antirr\u00e1bicas y se entregaron antiparasitarios.<\/p>\n\n\n\n<p>La implementaci\u00f3n del operativo en todo el Distrito ha permitido ofrecer respuestas a la gran demanda de castraciones, vacunaci\u00f3n y desparasitaci\u00f3n que se presentaba en cada localidad.<\/p>\n\n\n\n<p><\/p>\n\n\n\n<figure class=\"wp-block-image size-large\"><img fetchpriority=\"high\" decoding=\"async\" width=\"771\" height=\"1024\" src=\"https:\/\/www.elpolitologoyelpolitico.com.ar\/wp-content\/uploads\/2023\/08\/IMG-20230824-WA0036-771x1024.jpg\" alt=\"\" class=\"wp-image-33776\" srcset=\"https:\/\/www.elpolitologoyelpolitico.com.ar\/wp-content\/uploads\/2023\/08\/IMG-20230824-WA0036-771x1024.jpg 771w, https:\/\/www.elpolitologoyelpolitico.com.ar\/wp-content\/uploads\/2023\/08\/IMG-20230824-WA0036-226x300.jpg 226w, https:\/\/www.elpolitologoyelpolitico.com.ar\/wp-content\/uploads\/2023\/08\/IMG-20230824-WA0036-768x1021.jpg 768w, https:\/\/www.elpolitologoyelpolitico.com.ar\/wp-content\/uploads\/2023\/08\/IMG-20230824-WA0036-1156x1536.jpg 1156w, https:\/\/www.elpolitologoyelpolitico.com.ar\/wp-content\/uploads\/2023\/08\/IMG-20230824-WA0036.jpg 1204w\" sizes=\"(max-width: 771px) 100vw, 771px\" \/><\/figure>\n<div class=\"fb-background-color\">\n\t\t\t  <div \n\t\t\t  \tclass = \"fb-comments\" \n\t\t\t  \tdata-href = \"https:\/\/www.elpolitologoyelpolitico.com.ar\/wordpress\/2023\/08\/24\/jornada-de-castracion-vacunacion-y-desparasitacion-de-mascotas-en-el-barrio-villa-mazzini\/\"\n\t\t\t  \tdata-numposts = \"10\"\n\t\t\t  \tdata-lazy = \"true\"\n\t\t\t\tdata-colorscheme = \"light\"\n\t\t\t\tdata-order-by = \"social\"\n\t\t\t\tdata-mobile=true>\n\t\t\t  <\/div><\/div>\n\t\t  <style>\n\t\t    .fb-background-color {\n\t\t\t\tbackground: #ffffff !important;\n\t\t\t}\n\t\t\t.fb_iframe_widget_fluid_desktop iframe {\n\t\t\t    width: 100% !important;\n\t\t\t}\n\t\t  <\/style>\n\t\t  ","protected":false},"excerpt":{"rendered":"<p>En el marco del Operativo de castraci\u00f3n, vacunaci\u00f3n y desparasitaci\u00f3n de mascotas que lleva adelante la Secretar\u00eda de Salud, a trav\u00e9s del \u00e1rea de Coordinaci\u00f3n de Programas Sanitarios, con personal del \u00e1rea de Zoonosis, se realiz\u00f3 una nueva jornada en el barrio Villa Mazzini. La actividad tuvo lugar en la sede de la Comisi\u00f3n de [&hellip;]<\/p>\n","protected":false},"author":4,"featured_media":33772,"comment_status":"closed","ping_status":"closed","sticky":false,"template":"","format":"standard","meta":{"_joinchat":[],"footnotes":""},"categories":[39],"tags":[],"class_list":["post-33771","post","type-post","status-publish","format-standard","has-post-thumbnail","hentry","category-en-esta-seccion"],"_links":{"self":[{"href":"https:\/\/www.elpolitologoyelpolitico.com.ar\/wordpress\/wp-json\/wp\/v2\/posts\/33771","targetHints":{"allow":["GET"]}}],"collection":[{"href":"https:\/\/www.elpolitologoyelpolitico.com.ar\/wordpress\/wp-json\/wp\/v2\/posts"}],"about":[{"href":"https:\/\/www.elpolitologoyelpolitico.com.ar\/wordpress\/wp-json\/wp\/v2\/types\/post"}],"author":[{"embeddable":true,"href":"https:\/\/www.elpolitologoyelpolitico.com.ar\/wordpress\/wp-json\/wp\/v2\/users\/4"}],"replies":[{"embeddable":true,"href":"https:\/\/www.elpolitologoyelpolitico.com.ar\/wordpress\/wp-json\/wp\/v2\/comments?post=33771"}],"version-history":[{"count":0,"href":"https:\/\/www.elpolitologoyelpolitico.com.ar\/wordpress\/wp-json\/wp\/v2\/posts\/33771\/revisions"}],"wp:featuredmedia":[{"embeddable":true,"href":"https:\/\/www.elpolitologoyelpolitico.com.ar\/wordpress\/wp-json\/wp\/v2\/media\/33772"}],"wp:attachment":[{"href":"https:\/\/www.elpolitologoyelpolitico.com.ar\/wordpress\/wp-json\/wp\/v2\/media?parent=33771"}],"wp:term":[{"taxonomy":"category","embeddable":true,"href":"https:\/\/www.elpolitologoyelpolitico.com.ar\/wordpress\/wp-json\/wp\/v2\/categories?post=33771"},{"taxonomy":"post_tag","embeddable":true,"href":"https:\/\/www.elpolitologoyelpolitico.com.ar\/wordpress\/wp-json\/wp\/v2\/tags?post=33771"}],"curies":[{"name":"wp","href":"https:\/\/api.w.org\/{rel}","templated":true}]}}