{"id":3377,"date":"2021-05-26T08:40:00","date_gmt":"2021-05-26T08:40:00","guid":{"rendered":"https:\/\/www.elpolitologoyelpolitico.com.ar\/wordpress\/?p=3377"},"modified":"2021-05-26T19:45:45","modified_gmt":"2021-05-26T19:45:45","slug":"en-conmemoracion-del-211-aniversario-del-primer-gobierno-patrio-se-izo-la-bandera-argentina-en-carmen-de-patagones","status":"publish","type":"post","link":"https:\/\/www.elpolitologoyelpolitico.com.ar\/wordpress\/2021\/05\/26\/en-conmemoracion-del-211-aniversario-del-primer-gobierno-patrio-se-izo-la-bandera-argentina-en-carmen-de-patagones\/","title":{"rendered":"En conmemoraci\u00f3n del 211\u00b0 aniversario del primer Gobierno Patrio, se iz\u00f3 la bandera Argentina en Carmen de Patagones"},"content":{"rendered":"\t\t<div data-elementor-type=\"wp-post\" data-elementor-id=\"3377\" class=\"elementor elementor-3377\">\n\t\t\t\t\t\t<section class=\"elementor-section elementor-top-section elementor-element elementor-element-21d3201e elementor-section-boxed elementor-section-height-default elementor-section-height-default\" data-id=\"21d3201e\" data-element_type=\"section\" data-e-type=\"section\">\n\t\t\t\t\t\t<div class=\"elementor-container elementor-column-gap-default\">\n\t\t\t\t\t<div class=\"elementor-column elementor-col-100 elementor-top-column elementor-element elementor-element-61725727\" data-id=\"61725727\" data-element_type=\"column\" data-e-type=\"column\">\n\t\t\t<div class=\"elementor-widget-wrap elementor-element-populated\">\n\t\t\t\t\t\t<div class=\"elementor-element elementor-element-7d48c465 elementor-widget elementor-widget-text-editor\" data-id=\"7d48c465\" data-element_type=\"widget\" data-e-type=\"widget\" data-widget_type=\"text-editor.default\">\n\t\t\t\t<div class=\"elementor-widget-container\">\n\t\t\t\t\t\t\t\t\t\n<p>El Intendente Municipal, Ing. Jos\u00e9 Luis Zara, encabez\u00f3&nbsp; el izamiento del pabell\u00f3n nacional, al cumplirse un nuevo aniversario del 25 de mayo de 1810, fecha&nbsp;en la que se conform\u00f3 el&nbsp;primer gobierno patrio&nbsp;de la historia del pa\u00eds.<\/p>\n\n\n\n<p>El mismo se realiz\u00f3 en la Plaza 7 de Marzo y cont\u00f3 con la presencia del Jefe de Gabinete, Fabio Bettinelli, el presidente del Concejo Deliberante, Julio Costantino, el presidente del Consejo Escolar, Paulo Bykaluk y la Jefa Distrital de Educaci\u00f3n, Claudia Azpiroz.<\/p>\n\n\n\n<p>Adem\u00e1s, particip\u00f3 el Jefe Divisi\u00f3n Operaciones de la Prefectura, Oficial Principal, \u00c1ngel Javier Amondarain, y el titular de la Polic\u00eda Comunal, Gustavo Mart\u00edn<\/p>\n\t\t\t\t\t\t\t\t<\/div>\n\t\t\t\t<\/div>\n\t\t\t\t\t<\/div>\n\t\t<\/div>\n\t\t\t\t\t<\/div>\n\t\t<\/section>\n\t\t\t\t<section class=\"elementor-section elementor-top-section elementor-element elementor-element-659b414 elementor-section-boxed elementor-section-height-default elementor-section-height-default\" data-id=\"659b414\" data-element_type=\"section\" data-e-type=\"section\">\n\t\t\t\t\t\t<div class=\"elementor-container elementor-column-gap-default\">\n\t\t\t\t\t<div class=\"elementor-column elementor-col-100 elementor-top-column elementor-element elementor-element-c381d6a\" data-id=\"c381d6a\" data-element_type=\"column\" data-e-type=\"column\">\n\t\t\t<div class=\"elementor-widget-wrap elementor-element-populated\">\n\t\t\t\t\t\t<div class=\"elementor-element elementor-element-1516e36 elementor-widget elementor-widget-image-gallery\" data-id=\"1516e36\" data-element_type=\"widget\" data-e-type=\"widget\" data-widget_type=\"image-gallery.default\">\n\t\t\t\t<div class=\"elementor-widget-container\">\n\t\t\t\t\t\t\t<div class=\"elementor-image-gallery\">\n\t\t\t<div id='gallery-1' class='gallery galleryid-3377 gallery-columns-3 gallery-size-1536x1536'><figure class='gallery-item'>\n\t\t\t<div class='gallery-icon portrait'>\n\t\t\t\t<a data-elementor-open-lightbox=\"yes\" data-elementor-lightbox-slideshow=\"1516e36\" data-elementor-lightbox-title=\"WhatsApp-Image-2021-05-26-at-8.58.18-AM\" data-e-action-hash=\"#elementor-action%3Aaction%3Dlightbox%26settings%3DeyJpZCI6MzM2MiwidXJsIjoiaHR0cHM6XC9cL3d3dy5lbHBvbGl0b2xvZ295ZWxwb2xpdGljby5jb20uYXJcL3dwLWNvbnRlbnRcL3VwbG9hZHNcLzIwMjFcLzA1XC9XaGF0c0FwcC1JbWFnZS0yMDIxLTA1LTI2LWF0LTguNTguMTgtQU0uanBlZyIsInNsaWRlc2hvdyI6IjE1MTZlMzYifQ%3D%3D\" href='https:\/\/www.elpolitologoyelpolitico.com.ar\/wp-content\/uploads\/2021\/05\/WhatsApp-Image-2021-05-26-at-8.58.18-AM.jpeg'><img fetchpriority=\"high\" decoding=\"async\" width=\"480\" height=\"1040\" src=\"https:\/\/www.elpolitologoyelpolitico.com.ar\/wp-content\/uploads\/2021\/05\/WhatsApp-Image-2021-05-26-at-8.58.18-AM.jpeg\" class=\"attachment-1536x1536 size-1536x1536\" alt=\"\" srcset=\"https:\/\/www.elpolitologoyelpolitico.com.ar\/wp-content\/uploads\/2021\/05\/WhatsApp-Image-2021-05-26-at-8.58.18-AM.jpeg 480w, https:\/\/www.elpolitologoyelpolitico.com.ar\/wp-content\/uploads\/2021\/05\/WhatsApp-Image-2021-05-26-at-8.58.18-AM-138x300.jpeg 138w, https:\/\/www.elpolitologoyelpolitico.com.ar\/wp-content\/uploads\/2021\/05\/WhatsApp-Image-2021-05-26-at-8.58.18-AM-473x1024.jpeg 473w\" sizes=\"(max-width: 480px) 100vw, 480px\" \/><\/a>\n\t\t\t<\/div><\/figure><figure class='gallery-item'>\n\t\t\t<div class='gallery-icon landscape'>\n\t\t\t\t<a data-elementor-open-lightbox=\"yes\" data-elementor-lightbox-slideshow=\"1516e36\" data-elementor-lightbox-title=\"WhatsApp-Image-2021-05-26-at-3.02.15-PM\" data-e-action-hash=\"#elementor-action%3Aaction%3Dlightbox%26settings%3DeyJpZCI6MzM0NSwidXJsIjoiaHR0cHM6XC9cL3d3dy5lbHBvbGl0b2xvZ295ZWxwb2xpdGljby5jb20uYXJcL3dwLWNvbnRlbnRcL3VwbG9hZHNcLzIwMjFcLzA1XC9XaGF0c0FwcC1JbWFnZS0yMDIxLTA1LTI2LWF0LTMuMDIuMTUtUE0uanBlZyIsInNsaWRlc2hvdyI6IjE1MTZlMzYifQ%3D%3D\" href='https:\/\/www.elpolitologoyelpolitico.com.ar\/wp-content\/uploads\/2021\/05\/WhatsApp-Image-2021-05-26-at-3.02.15-PM.jpeg'><img decoding=\"async\" width=\"720\" height=\"377\" src=\"https:\/\/www.elpolitologoyelpolitico.com.ar\/wp-content\/uploads\/2021\/05\/WhatsApp-Image-2021-05-26-at-3.02.15-PM.jpeg\" class=\"attachment-1536x1536 size-1536x1536\" alt=\"\" srcset=\"https:\/\/www.elpolitologoyelpolitico.com.ar\/wp-content\/uploads\/2021\/05\/WhatsApp-Image-2021-05-26-at-3.02.15-PM.jpeg 720w, https:\/\/www.elpolitologoyelpolitico.com.ar\/wp-content\/uploads\/2021\/05\/WhatsApp-Image-2021-05-26-at-3.02.15-PM-300x157.jpeg 300w\" sizes=\"(max-width: 720px) 100vw, 720px\" \/><\/a>\n\t\t\t<\/div><\/figure><figure class='gallery-item'>\n\t\t\t<div class='gallery-icon portrait'>\n\t\t\t\t<a data-elementor-open-lightbox=\"yes\" data-elementor-lightbox-slideshow=\"1516e36\" data-elementor-lightbox-title=\"WhatsApp-Image-2021-05-26-at-8.56.34-AM\" data-e-action-hash=\"#elementor-action%3Aaction%3Dlightbox%26settings%3DeyJpZCI6MzM0OCwidXJsIjoiaHR0cHM6XC9cL3d3dy5lbHBvbGl0b2xvZ295ZWxwb2xpdGljby5jb20uYXJcL3dwLWNvbnRlbnRcL3VwbG9hZHNcLzIwMjFcLzA1XC9XaGF0c0FwcC1JbWFnZS0yMDIxLTA1LTI2LWF0LTguNTYuMzQtQU0uanBlZyIsInNsaWRlc2hvdyI6IjE1MTZlMzYifQ%3D%3D\" href='https:\/\/www.elpolitologoyelpolitico.com.ar\/wp-content\/uploads\/2021\/05\/WhatsApp-Image-2021-05-26-at-8.56.34-AM.jpeg'><img decoding=\"async\" width=\"581\" height=\"1032\" src=\"https:\/\/www.elpolitologoyelpolitico.com.ar\/wp-content\/uploads\/2021\/05\/WhatsApp-Image-2021-05-26-at-8.56.34-AM.jpeg\" class=\"attachment-1536x1536 size-1536x1536\" alt=\"\" srcset=\"https:\/\/www.elpolitologoyelpolitico.com.ar\/wp-content\/uploads\/2021\/05\/WhatsApp-Image-2021-05-26-at-8.56.34-AM.jpeg 581w, https:\/\/www.elpolitologoyelpolitico.com.ar\/wp-content\/uploads\/2021\/05\/WhatsApp-Image-2021-05-26-at-8.56.34-AM-169x300.jpeg 169w, https:\/\/www.elpolitologoyelpolitico.com.ar\/wp-content\/uploads\/2021\/05\/WhatsApp-Image-2021-05-26-at-8.56.34-AM-576x1024.jpeg 576w\" sizes=\"(max-width: 581px) 100vw, 581px\" \/><\/a>\n\t\t\t<\/div><\/figure>\n\t\t<\/div>\n\t\t<\/div>\n\t\t\t\t\t\t<\/div>\n\t\t\t\t<\/div>\n\t\t\t\t\t<\/div>\n\t\t<\/div>\n\t\t\t\t\t<\/div>\n\t\t<\/section>\n\t\t\t\t<\/div>\n\t\t<div class=\"fb-background-color\">\n\t\t\t  <div \n\t\t\t  \tclass = \"fb-comments\" \n\t\t\t  \tdata-href = \"https:\/\/www.elpolitologoyelpolitico.com.ar\/wordpress\/2021\/05\/26\/en-conmemoracion-del-211-aniversario-del-primer-gobierno-patrio-se-izo-la-bandera-argentina-en-carmen-de-patagones\/\"\n\t\t\t  \tdata-numposts = \"10\"\n\t\t\t  \tdata-lazy = \"true\"\n\t\t\t\tdata-colorscheme = \"light\"\n\t\t\t\tdata-order-by = \"social\"\n\t\t\t\tdata-mobile=true>\n\t\t\t  <\/div><\/div>\n\t\t  <style>\n\t\t    .fb-background-color {\n\t\t\t\tbackground: #ffffff !important;\n\t\t\t}\n\t\t\t.fb_iframe_widget_fluid_desktop iframe {\n\t\t\t    width: 100% !important;\n\t\t\t}\n\t\t  <\/style>\n\t\t  ","protected":false},"excerpt":{"rendered":"<p>El Intendente Municipal, Ing. Jos\u00e9 Luis Zara, encabez\u00f3&nbsp; el izamiento del pabell\u00f3n nacional, al cumplirse un nuevo aniversario del 25 de mayo de 1810, fecha&nbsp;en la que se conform\u00f3 el&nbsp;primer gobierno patrio&nbsp;de la historia del pa\u00eds. El mismo se realiz\u00f3 en la Plaza 7 de Marzo y cont\u00f3 con la presencia del Jefe de Gabinete, [&hellip;]<\/p>\n","protected":false},"author":4,"featured_media":3357,"comment_status":"closed","ping_status":"closed","sticky":false,"template":"","format":"standard","meta":{"_joinchat":[],"footnotes":""},"categories":[39],"tags":[],"class_list":["post-3377","post","type-post","status-publish","format-standard","has-post-thumbnail","hentry","category-en-esta-seccion"],"_links":{"self":[{"href":"https:\/\/www.elpolitologoyelpolitico.com.ar\/wordpress\/wp-json\/wp\/v2\/posts\/3377","targetHints":{"allow":["GET"]}}],"collection":[{"href":"https:\/\/www.elpolitologoyelpolitico.com.ar\/wordpress\/wp-json\/wp\/v2\/posts"}],"about":[{"href":"https:\/\/www.elpolitologoyelpolitico.com.ar\/wordpress\/wp-json\/wp\/v2\/types\/post"}],"author":[{"embeddable":true,"href":"https:\/\/www.elpolitologoyelpolitico.com.ar\/wordpress\/wp-json\/wp\/v2\/users\/4"}],"replies":[{"embeddable":true,"href":"https:\/\/www.elpolitologoyelpolitico.com.ar\/wordpress\/wp-json\/wp\/v2\/comments?post=3377"}],"version-history":[{"count":0,"href":"https:\/\/www.elpolitologoyelpolitico.com.ar\/wordpress\/wp-json\/wp\/v2\/posts\/3377\/revisions"}],"wp:featuredmedia":[{"embeddable":true,"href":"https:\/\/www.elpolitologoyelpolitico.com.ar\/wordpress\/wp-json\/wp\/v2\/media\/3357"}],"wp:attachment":[{"href":"https:\/\/www.elpolitologoyelpolitico.com.ar\/wordpress\/wp-json\/wp\/v2\/media?parent=3377"}],"wp:term":[{"taxonomy":"category","embeddable":true,"href":"https:\/\/www.elpolitologoyelpolitico.com.ar\/wordpress\/wp-json\/wp\/v2\/categories?post=3377"},{"taxonomy":"post_tag","embeddable":true,"href":"https:\/\/www.elpolitologoyelpolitico.com.ar\/wordpress\/wp-json\/wp\/v2\/tags?post=3377"}],"curies":[{"name":"wp","href":"https:\/\/api.w.org\/{rel}","templated":true}]}}